{"id":20945,"date":"2025-12-19T14:35:05","date_gmt":"2025-12-19T13:35:05","guid":{"rendered":"https:\/\/serbenidorm.daliisolutions.com\/index.php\/2025\/12\/19\/benidorm-presenta-un-borrador-de-presupuestos-2026-que-asciende-a-1466-millones-y-casi-17-millones-en-inversiones\/"},"modified":"2025-12-19T14:35:05","modified_gmt":"2025-12-19T13:35:05","slug":"benidorm-presenta-un-borrador-de-presupuestos-2026-que-asciende-a-1466-millones-y-casi-17-millones-en-inversiones","status":"publish","type":"post","link":"https:\/\/serbenidorm.daliisolutions.com\/index.php\/2025\/12\/19\/benidorm-presenta-un-borrador-de-presupuestos-2026-que-asciende-a-1466-millones-y-casi-17-millones-en-inversiones\/","title":{"rendered":"Benidorm presenta un borrador de Presupuestos 2026 que asciende a 146,6 millones y casi 17 millones en inversiones"},"content":{"rendered":" <p>El alcalde de Benidorm, Toni P\u00e9rez, ha presentado este viernes el balance de gesti\u00f3n de 2025 en el tradicional encuentro navide\u00f1o con los medios de comunicaci\u00f3n, en el que ha anunciado que el borrador del presupuesto municipal para 2026, entregado hoy mismo a los grupos municipales, asciende a 146,6 millones de euros.<\/p>  <p>El primer edil ha explicado que se trata de un presupuesto \u201cequilibrado en ingresos y gastos\u201d, que cumple con las reglas fiscales vigentes y que ha sido elaborado con el objetivo de mantener e incrementar los servicios p\u00fablicos, con especial atenci\u00f3n al gasto social y a la atenci\u00f3n a las personas.<\/p>  <p>De la cuant\u00eda total, cerca de 17 millones de euros se destinar\u00e1n a inversiones municipales, que se sumar\u00e1n a los 11 millones que ya se est\u00e1n ejecutando actualmente gracias a fondos europeos obtenidos en concurrencia competitiva. Adem\u00e1s, las cuentas incluyen una partida de 3 millones de euros en el fondo de contingencia vinculada al APR7 de Serra Gelada.<\/p>  <p>Entre los proyectos que entrar\u00e1n en funcionamiento en 2026 figuran el Centro de Salud del Rinc\u00f3n de Loix, el tanatorio-crematorio municipal del cementerio de Sant Jaume, la zona de acampada y el albergue juvenil de la S\u00e9quia Mare, as\u00ed como el avance de las 117 viviendas sociales para j\u00f3venes en La Cala y la finalizaci\u00f3n del instituto Pere Maria Orts i Bosch.<\/p>  <p>El alcalde ha anunciado tambi\u00e9n el inicio de nuevas actuaciones a lo largo del pr\u00f3ximo a\u00f1o, como las obras del aparcamiento subterr\u00e1neo de Jaime I, la construcci\u00f3n de la pista de atletismo, la ejecuci\u00f3n del parque inundable del Rinc\u00f3n de Loix \u2014con una inversi\u00f3n de 625.000 euros\u2014 y la primera fase de renovaci\u00f3n de infraestructuras en las playas accesibles y la Biblioplaya.<\/p>  <p>En el cap\u00edtulo de grandes proyectos estrat\u00e9gicos, P\u00e9rez ha destacado el impulso al proyecto \u2018Benidorm Open Arena\u2019, que permitir\u00e1 reconvertir la plaza de toros y su entorno gracias a una subvenci\u00f3n de 6,4 millones de euros procedente de fondos europeos, que cubrir\u00e1 el 60% del coste total, as\u00ed como el desarrollo de la red municipal de agua regenerada y el avance del proyecto de la futura desalinizadora en Poniente.<\/p>  <p>En materia fiscal, el alcalde ha reiterado que el Ayuntamiento no subir\u00e1 impuestos en 2026, subrayando que los incrementos aplicados en ejercicios anteriores han respondido exclusivamente a obligaciones legales, y ha reafirmado el compromiso del gobierno local de seguir captando financiaci\u00f3n europea y mejorando la calidad de vida de una ciudad que ya supera los 77.200 habitantes empadronados.<\/p> ","protected":false},"excerpt":{"rendered":"<p>Toni P\u00e9rez confirma que el Ayuntamiento no subir\u00e1 impuestos el pr\u00f3ximo a\u00f1o y reforzar\u00e1 el gasto social<\/p>\n","protected":false},"author":0,"featured_media":20946,"comment_status":"","ping_status":"open","sticky":false,"template":"","format":"standard","meta":{"_acf_changed":false,"footnotes":""},"categories":[1],"tags":[],"class_list":["post-20945","post","type-post","status-publish","format-standard","has-post-thumbnail","hentry","category-sin-categoria"],"acf":{"ser_id":"5CZ5HBNR4NCANECICPFJ365BXU","ser_url":"https:\/\/cadenaser.com\/comunitat-valenciana\/2025\/12\/19\/benidorm-presenta-un-borrador-de-presupuestos-2026-que-asciende-a-1466-millones-y-casi-17-millones-en-inversiones-radio-alicante\/"},"_links":{"self":[{"href":"https:\/\/serbenidorm.daliisolutions.com\/index.php\/wp-json\/wp\/v2\/posts\/20945","targetHints":{"allow":["GET"]}}],"collection":[{"href":"https:\/\/serbenidorm.daliisolutions.com\/index.php\/wp-json\/wp\/v2\/posts"}],"about":[{"href":"https:\/\/serbenidorm.daliisolutions.com\/index.php\/wp-json\/wp\/v2\/types\/post"}],"replies":[{"embeddable":true,"href":"https:\/\/serbenidorm.daliisolutions.com\/index.php\/wp-json\/wp\/v2\/comments?post=20945"}],"version-history":[{"count":0,"href":"https:\/\/serbenidorm.daliisolutions.com\/index.php\/wp-json\/wp\/v2\/posts\/20945\/revisions"}],"wp:featuredmedia":[{"embeddable":true,"href":"https:\/\/serbenidorm.daliisolutions.com\/index.php\/wp-json\/wp\/v2\/media\/20946"}],"wp:attachment":[{"href":"https:\/\/serbenidorm.daliisolutions.com\/index.php\/wp-json\/wp\/v2\/media?parent=20945"}],"wp:term":[{"taxonomy":"category","embeddable":true,"href":"https:\/\/serbenidorm.daliisolutions.com\/index.php\/wp-json\/wp\/v2\/categories?post=20945"},{"taxonomy":"post_tag","embeddable":true,"href":"https:\/\/serbenidorm.daliisolutions.com\/index.php\/wp-json\/wp\/v2\/tags?post=20945"}],"curies":[{"name":"wp","href":"https:\/\/api.w.org\/{rel}","templated":true}]}}