{"id":20965,"date":"2025-12-19T20:13:19","date_gmt":"2025-12-19T19:13:19","guid":{"rendered":"https:\/\/serbenidorm.daliisolutions.com\/index.php\/2025\/12\/19\/los-cuentos-de-navidad-de-radio-benidorm-el-mar-la-estrella-y-el-amigo\/"},"modified":"2025-12-19T20:13:19","modified_gmt":"2025-12-19T19:13:19","slug":"los-cuentos-de-navidad-de-radio-benidorm-el-mar-la-estrella-y-el-amigo","status":"publish","type":"post","link":"https:\/\/serbenidorm.daliisolutions.com\/index.php\/2025\/12\/19\/los-cuentos-de-navidad-de-radio-benidorm-el-mar-la-estrella-y-el-amigo\/","title":{"rendered":"Los Cuentos de Navidad de Radio Benidorm: el mar, la estrella y el amigo"},"content":{"rendered":" <p>\u00abTodo se hace realidad\u00bb, suena al un\u00edsono en uno de los momentos m\u00e1s emocionantes de los Cuentos de Navidad de Radio Benidorm de este 2025. Una frase aplicable tambi\u00e9n a estas ficciones sonoras a las que han puesto voz una veintena de actores, periodistas y ni\u00f1os de la ciudad <a href=\"https:\/\/cadenaser.com\/comunitat-valenciana\/2025\/12\/15\/radio-benidorm-premia-la-creatividad-en-su-primer-concurso-escolar-de-cuentos-de-navidad-radio-benidorm\/\" target=\"_blank\" rel=\"nofollow\" title=\"https:\/\/cadenaser.com\/comunitat-valenciana\/2025\/12\/15\/radio-benidorm-premia-la-creatividad-en-su-primer-concurso-escolar-de-cuentos-de-navidad-radio-benidorm\/\">a partir de las tres obras ganadoras del primer Certamen Escolar de Cuentos de Navidad<\/a>.<\/p>  <p>Una experiencia que comienza con \u00abMagia en el mar de Benidorm\u00bb, de Cris Navarro, acerc\u00e1ndonos a trav\u00e9s de los abuelos a los lugares m\u00e1s m\u00e1gicos y cercanos; despu\u00e9s \u00abLa estrellita que ten\u00eda fr\u00edo\u00bb, de Andrea Lloret, pone en valor precisamente el poder de contar historias; y para terminar \u00abLucas, el mejor amigo de Clara\u00bb, de Roc\u00edo Hid, un canto a la infancia y la amistad.<\/p>  <p>Con la direcci\u00f3n y producci\u00f3n sonora de Jorge Garc\u00eda, han intervenido en los cuentos Ricardo Molina, Manuel Palaz\u00f3n, Cris Navarro, Concha Casimiro, Valentina Molina, Andrea Lloret, Ricardo Molina j\u00fanior, Roc\u00edo Hid, Silvia Yus, Miguel Arance, Nico Van Looy, Justina G\u00f3mez y Cristina Castellanos.<\/p>  <p>Los Cuentos de Navidad de Radio Benidorm son ya una tradici\u00f3n de esta emisora, que este a\u00f1o se ha reinventado dejando la autor\u00eda en manos de los m\u00e1s peque\u00f1os de la ciudad a trav\u00e9s de ese certamen escolar que ha resultado un \u00e9xito y, seguro, se repetir\u00e1 en 2026.<\/p>  <p>Concurso que ha contado con el patrocinio de \u2018TOY PLANET &#8211; LA ROSITA\u2019 y la inestimable colaboraci\u00f3n de colegios, profesores, alumnos y el Ayuntamiento de Benidorm.<\/p> ","protected":false},"excerpt":{"rendered":"<p>Una veintena de actores, periodistas y ni\u00f1os dan voz a \u00abMagia en el mar de Benidorm\u00bb de Cris Navarro, \u00abLa estrellita que ten\u00eda fr\u00edo\u00bb de Andrea Lloret y \u00abLucas, el mejor amigo de Clara\u00bb de Roc\u00edo Hid<\/p>\n","protected":false},"author":0,"featured_media":20966,"comment_status":"","ping_status":"open","sticky":false,"template":"","format":"standard","meta":{"_acf_changed":false,"footnotes":""},"categories":[1],"tags":[],"class_list":["post-20965","post","type-post","status-publish","format-standard","has-post-thumbnail","hentry","category-sin-categoria"],"acf":{"ser_id":"DMUAASQEEVDBXGHOSFPDHYWMH4","ser_url":"https:\/\/cadenaser.com\/comunitat-valenciana\/2025\/12\/19\/los-cuentos-de-navidad-de-radio-benidorm-el-mar-la-estrella-y-el-amigo-radio-benidorm\/"},"_links":{"self":[{"href":"https:\/\/serbenidorm.daliisolutions.com\/index.php\/wp-json\/wp\/v2\/posts\/20965","targetHints":{"allow":["GET"]}}],"collection":[{"href":"https:\/\/serbenidorm.daliisolutions.com\/index.php\/wp-json\/wp\/v2\/posts"}],"about":[{"href":"https:\/\/serbenidorm.daliisolutions.com\/index.php\/wp-json\/wp\/v2\/types\/post"}],"replies":[{"embeddable":true,"href":"https:\/\/serbenidorm.daliisolutions.com\/index.php\/wp-json\/wp\/v2\/comments?post=20965"}],"version-history":[{"count":0,"href":"https:\/\/serbenidorm.daliisolutions.com\/index.php\/wp-json\/wp\/v2\/posts\/20965\/revisions"}],"wp:featuredmedia":[{"embeddable":true,"href":"https:\/\/serbenidorm.daliisolutions.com\/index.php\/wp-json\/wp\/v2\/media\/20966"}],"wp:attachment":[{"href":"https:\/\/serbenidorm.daliisolutions.com\/index.php\/wp-json\/wp\/v2\/media?parent=20965"}],"wp:term":[{"taxonomy":"category","embeddable":true,"href":"https:\/\/serbenidorm.daliisolutions.com\/index.php\/wp-json\/wp\/v2\/categories?post=20965"},{"taxonomy":"post_tag","embeddable":true,"href":"https:\/\/serbenidorm.daliisolutions.com\/index.php\/wp-json\/wp\/v2\/tags?post=20965"}],"curies":[{"name":"wp","href":"https:\/\/api.w.org\/{rel}","templated":true}]}}