{"id":20978,"date":"2025-12-20T17:56:48","date_gmt":"2025-12-20T16:56:48","guid":{"rendered":"https:\/\/serbenidorm.daliisolutions.com\/index.php\/2025\/12\/20\/felipe-orts-abre-la-navidad-con-su-mejor-papel-de-la-temporada-en-copa-del-mundo\/"},"modified":"2025-12-20T17:56:48","modified_gmt":"2025-12-20T16:56:48","slug":"felipe-orts-abre-la-navidad-con-su-mejor-papel-de-la-temporada-en-copa-del-mundo","status":"publish","type":"post","link":"https:\/\/serbenidorm.daliisolutions.com\/index.php\/2025\/12\/20\/felipe-orts-abre-la-navidad-con-su-mejor-papel-de-la-temporada-en-copa-del-mundo\/","title":{"rendered":"Felipe Orts abre la Navidad con su mejor papel de la temporada en Copa del Mundo"},"content":{"rendered":" <p>La campa\u00f1a navide\u00f1a del ciclocross internacional se abr\u00eda este s\u00e1bado en Amberes con la disputa de la quinta cita puntuable para la Copa del Mundo de la especialidad invernal del ciclismo que, adem\u00e1s, tra\u00eda un regalo adelantado para su cada vez m\u00e1s numerosa afici\u00f3n: el primer duelo directo entre Mathieu Van der Poel y Wout van Aert de la presente temporada.<\/p>  <p>Era, adem\u00e1s, la primera reuni\u00f3n del nuevo \u2018big three\u2019. Ausente Tom Pidcock, Thibau Nys, l\u00edder de la general, es el nuevo gran rival de los dos grandes dominadores del ciclocross del presente siglo, pero el hijo del Can\u00edbal de Baal tuvo su peor d\u00eda del a\u00f1o y no pudo meterse ni entre los 23 mejores en el circuito de la playa fluvial del r\u00edo Escalda.<\/p>  <p>El que s\u00ed tuvo su d\u00eda, otro m\u00e1s, fue el campe\u00f3n del mundo Mathieu Van der Poel, exagerado en su poder\u00edo y en su entrega, que domin\u00f3 la carrera de principio a fin. Por detr\u00e1s, tras un bonito duelo entre un grupo formado por Laurens Sweeck, Emiel Verstrynge, Pim Ronhaar, Joris Nieuwenhuis y Wout Van Aert, el podio lo acabaron completando, por este orden, el experto \u2018arenero\u2019 Sweeck y el jovenc\u00edsimo Verstrynge.<\/p>  <p><b>Felipe Orts, brillante; Ra\u00fal L\u00f3pez, hist\u00f3rico<\/b><\/p>  <p>El que tambi\u00e9n ha dejado muy buenas sensaciones en su regreso a Centroeuropa tras un par\u00f3n de dos semanas (con un triunfal doblete en X\u00e0tiva y Cocentaina) fue el vilero Felipe Orts, que termin\u00f3 12\u00ba en un circuito muy alejado de lo que se podr\u00eda considerar un trazado al gusto de un corredor como el de Ridley.<\/p>  <p>Como ya es norma, el ciclista de La Vila Joiosa fue el primer corredor \u2018no Benelux\u2019 en cruzar la l\u00ednea de meta en un d\u00eda en el que el ciclocross espa\u00f1ol pudo celebrar una impresionante victoria como fue la que lleg\u00f3 de la mano de Ra\u00fal L\u00f3pez en la carrera J\u00fanior.<\/p> ","protected":false},"excerpt":{"rendered":"<p>El corredor de La Vila Joiosa roz\u00f3 el top10 en Amberes en el d\u00eda en el que Van der Poel y Van Aert volvieron a encontrarse<\/p>\n","protected":false},"author":0,"featured_media":20979,"comment_status":"","ping_status":"open","sticky":false,"template":"","format":"standard","meta":{"_acf_changed":false,"footnotes":""},"categories":[16],"tags":[],"class_list":["post-20978","post","type-post","status-publish","format-standard","has-post-thumbnail","hentry","category-deportes"],"acf":{"ser_id":"6N74HLIZJVELTFZ6X4PN37JS3M","ser_url":"https:\/\/cadenaser.com\/comunitat-valenciana\/2025\/12\/20\/felipe-orts-abre-la-navidad-con-su-mejor-papel-de-la-temporada-en-copa-del-mundo-radio-benidorm\/"},"_links":{"self":[{"href":"https:\/\/serbenidorm.daliisolutions.com\/index.php\/wp-json\/wp\/v2\/posts\/20978","targetHints":{"allow":["GET"]}}],"collection":[{"href":"https:\/\/serbenidorm.daliisolutions.com\/index.php\/wp-json\/wp\/v2\/posts"}],"about":[{"href":"https:\/\/serbenidorm.daliisolutions.com\/index.php\/wp-json\/wp\/v2\/types\/post"}],"replies":[{"embeddable":true,"href":"https:\/\/serbenidorm.daliisolutions.com\/index.php\/wp-json\/wp\/v2\/comments?post=20978"}],"version-history":[{"count":0,"href":"https:\/\/serbenidorm.daliisolutions.com\/index.php\/wp-json\/wp\/v2\/posts\/20978\/revisions"}],"wp:featuredmedia":[{"embeddable":true,"href":"https:\/\/serbenidorm.daliisolutions.com\/index.php\/wp-json\/wp\/v2\/media\/20979"}],"wp:attachment":[{"href":"https:\/\/serbenidorm.daliisolutions.com\/index.php\/wp-json\/wp\/v2\/media?parent=20978"}],"wp:term":[{"taxonomy":"category","embeddable":true,"href":"https:\/\/serbenidorm.daliisolutions.com\/index.php\/wp-json\/wp\/v2\/categories?post=20978"},{"taxonomy":"post_tag","embeddable":true,"href":"https:\/\/serbenidorm.daliisolutions.com\/index.php\/wp-json\/wp\/v2\/tags?post=20978"}],"curies":[{"name":"wp","href":"https:\/\/api.w.org\/{rel}","templated":true}]}}