{"id":20980,"date":"2025-12-20T19:09:22","date_gmt":"2025-12-20T18:09:22","guid":{"rendered":"https:\/\/serbenidorm.daliisolutions.com\/index.php\/2025\/12\/20\/durisima-derrota-del-servigroup-benidorm-antes-del-paron-navideno\/"},"modified":"2025-12-20T19:09:22","modified_gmt":"2025-12-20T18:09:22","slug":"durisima-derrota-del-servigroup-benidorm-antes-del-paron-navideno","status":"publish","type":"post","link":"https:\/\/serbenidorm.daliisolutions.com\/index.php\/2025\/12\/20\/durisima-derrota-del-servigroup-benidorm-antes-del-paron-navideno\/","title":{"rendered":"Dur\u00edsima derrota del Servigroup Benidorm antes del par\u00f3n navide\u00f1o"},"content":{"rendered":" <p>El Servigroup Benidorm no s\u00f3lo no pudo defender sus pocas opciones de meterse en la pr\u00f3xima edici\u00f3n de la Copa del Rey, sino que se ha vuelto a meter de lleno en la zona peligrosa de la clasificaci\u00f3n tras caer por 1-3 (19-25, 19-25 y 18-25) ante el Legan\u00e9s en la \u00faltima jornada de la primera vuelta de la Superliga Masculina. Una derrota que, sin duda, escuece de forma especial por ser la segunda consecutiva en casa y, sobre todo, porque llega justo antes del par\u00f3n navide\u00f1o y deja al equipo, de nuevo, con m\u00e1s inc\u00f3gnitas que certezas.<\/p>  <p>Las cosas se pusieron muy cuesta arriba desde el primer set, en el que el Legan\u00e9s salt\u00f3 a la cancha claramente decidido a asaltar el feudo del que el a\u00f1o pasado fuera su gran y m\u00e1ximo rival en la disputa (primero encuadrados en el mismo grupo y luego, en la fase de ascenso) por las dos plazas que daban acceso a la Superliga Masculina de voleibol.<\/p>  <p>Mucho m\u00e1s centrados y, sobre todo, dando la sensaci\u00f3n de tener mucho m\u00e1s claro qu\u00e9 era lo que deb\u00edan y no deb\u00edan hacer, los madrile\u00f1os confirmaron en esa primera manga que su actual situaci\u00f3n en la tabla nada tiene que ver con el potenciar real de un equipo que se ha reforzado mucho y bien desde el final de aquella campa\u00f1a hist\u00f3rica en la que en el \u00faltimo partido, con el ascenso ya amarrado para ambos, le birlaron el t\u00edtulo de campe\u00f3n de la Superliga 2 al Servigroup Benidorm.<\/p>  <p>La segunda manga del partido fue m\u00e1s de lo mismo. Los madrile\u00f1os siempre anduvieron por delante en el luminoso y el conjunto de Iv\u00e1n Navarro parec\u00eda haber entrado en una clara espiral autodestructiva en la que nadie destacaba. Ni tan siquiera Miguel \u00c1ngel Mart\u00ednez, tan brillante cada vez que ha saltado a la cancha este a\u00f1o, pudo insuflar algo de optimismo a sus compa\u00f1eros y, sobre todo, a una grada que ve\u00eda c\u00f3mo a cada punto se esfumaba un poco m\u00e1s el sue\u00f1o de poder estar en la Copa.<\/p>  <p>Ese sue\u00f1o cay\u00f3 fulminado al final de ese segundo set que, favorable a Legan\u00e9s, dejaba el bot\u00edn m\u00e1ximo a conseguir por los locales, en caso de remontada imposible, en dos puntos insuficientes.<\/p>  <p>Al tercer set arranc\u00f3 con un Servigroup Benidorm desatado. Quiz\u00e1s sin la presi\u00f3n que pudiera suponer buscar esa plaza para la Copa del Rey y pensando ya s\u00f3lo en seguir sumando para lo (mucho) que todav\u00eda queda de competici\u00f3n liguera, los locales parec\u00edan haber encontrado la manera de parar y, sobre todo, hacer da\u00f1o a un Legan\u00e9s que entr\u00f3 en un periodo de dudas que hizo so\u00f1ar a la grada del Palau con la remontada.<\/p>  <p>Sin embargo, entr\u00f3 entonces en juego la pareja arbitral con una consecuci\u00f3n de decisiones que no s\u00f3lo volvi\u00f3 a meter a los madrile\u00f1os en el partido, sino que desquici\u00f3 por completo a la plantilla de Iv\u00e1n Navarro, que ya no volvi\u00f3 a mostrar esa chispa en lo que rest\u00f3 de manga\u2026 hasta los puntos finales, cuando los madrile\u00f1os parec\u00edan tener amarrado el partido y que, con un Miguel \u00c1ngel Mart\u00ednez plet\u00f3rico al saque, acabaron inclinando la balanza a favor del Servigroup Benidorm.<\/p>  <p>Con el empate a la vista y, sobre todo, la opci\u00f3n de sacar, al menos, alg\u00fan punto de una jornada deprimente en todo lo dem\u00e1s, el cuarto set comenz\u00f3 como una rev\u00e1lida para los locales y, a la vez, con un Legan\u00e9s convencido de cerrar la tarde por la v\u00eda m\u00e1s r\u00e1pida posible.<\/p>  <p>De nuevo, como en las dos primeras mangas, apareci\u00f3 el Servigroup Benidorm fall\u00f3n e impreciso que permiti\u00f3 a los madrile\u00f1os (de nuevo con excesivo protagonismo arbitral) hacerse los amos de la cancha y abrir hueco en el marcador para, sin misericordia, poner el 1-3 definitivo y mandar a los benidormenses a las vacaciones navide\u00f1as con muchas cosas en las que pensar de cara a la segunda vuelta.<\/p> ","protected":false},"excerpt":{"rendered":"<p>Un mal partido deja a los benidormenses sin Copa y en una situaci\u00f3n comprometida en la Superliga<\/p>\n","protected":false},"author":0,"featured_media":20981,"comment_status":"","ping_status":"open","sticky":false,"template":"","format":"standard","meta":{"_acf_changed":false,"footnotes":""},"categories":[16],"tags":[],"class_list":["post-20980","post","type-post","status-publish","format-standard","has-post-thumbnail","hentry","category-deportes"],"acf":{"ser_id":"ZTR7ZVWGMZGJZPTEII7AYGKIDY","ser_url":"https:\/\/cadenaser.com\/comunitat-valenciana\/2025\/12\/20\/durisima-derrota-del-servigroup-benidorm-antes-del-paron-navideno-radio-benidorm\/"},"_links":{"self":[{"href":"https:\/\/serbenidorm.daliisolutions.com\/index.php\/wp-json\/wp\/v2\/posts\/20980","targetHints":{"allow":["GET"]}}],"collection":[{"href":"https:\/\/serbenidorm.daliisolutions.com\/index.php\/wp-json\/wp\/v2\/posts"}],"about":[{"href":"https:\/\/serbenidorm.daliisolutions.com\/index.php\/wp-json\/wp\/v2\/types\/post"}],"replies":[{"embeddable":true,"href":"https:\/\/serbenidorm.daliisolutions.com\/index.php\/wp-json\/wp\/v2\/comments?post=20980"}],"version-history":[{"count":0,"href":"https:\/\/serbenidorm.daliisolutions.com\/index.php\/wp-json\/wp\/v2\/posts\/20980\/revisions"}],"wp:featuredmedia":[{"embeddable":true,"href":"https:\/\/serbenidorm.daliisolutions.com\/index.php\/wp-json\/wp\/v2\/media\/20981"}],"wp:attachment":[{"href":"https:\/\/serbenidorm.daliisolutions.com\/index.php\/wp-json\/wp\/v2\/media?parent=20980"}],"wp:term":[{"taxonomy":"category","embeddable":true,"href":"https:\/\/serbenidorm.daliisolutions.com\/index.php\/wp-json\/wp\/v2\/categories?post=20980"},{"taxonomy":"post_tag","embeddable":true,"href":"https:\/\/serbenidorm.daliisolutions.com\/index.php\/wp-json\/wp\/v2\/tags?post=20980"}],"curies":[{"name":"wp","href":"https:\/\/api.w.org\/{rel}","templated":true}]}}