{"id":20989,"date":"2025-12-21T15:07:27","date_gmt":"2025-12-21T14:07:27","guid":{"rendered":"https:\/\/serbenidorm.daliisolutions.com\/index.php\/2025\/12\/21\/lucia-cortez-se-proclama-campeona-de-espana-de-tenis\/"},"modified":"2025-12-21T15:07:27","modified_gmt":"2025-12-21T14:07:27","slug":"lucia-cortez-se-proclama-campeona-de-espana-de-tenis","status":"publish","type":"post","link":"https:\/\/serbenidorm.daliisolutions.com\/index.php\/2025\/12\/21\/lucia-cortez-se-proclama-campeona-de-espana-de-tenis\/","title":{"rendered":"Luc\u00eda Cortez se proclama campeona de Espa\u00f1a de tenis"},"content":{"rendered":" <p>Luc\u00eda Cortez Llorca se han proclamado este s\u00e1bado campeona de Espa\u00f1a de tenis en el Club Tenis Sporting de Valencia. Para ello, la tenista de La Vila Joiosa se impuso en la gran final a \u00c1ngela Fita Boluda por un ajustado 6-4, 4-6 y 7-5.<\/p>  <p>En un torneo que no se disputaba desde hace siete a\u00f1os, Cortez accedi\u00f3 a la disputa por el t\u00edtulo tras eliminar en semifinales a la madrile\u00f1a Raquel Gonz\u00e1lez Vilar 6-2 y 6-2. Por su parte, Fita venc\u00eda a la pontevedresa Celia Cervi\u00f1o 6-3 y 6-4.<\/p> ","protected":false},"excerpt":{"rendered":"<p>La tenista vilera inscribe su nombre en un torneo recuperado siete a\u00f1os despu\u00e9s de su \u00faltima edici\u00f3n<\/p>\n","protected":false},"author":0,"featured_media":20990,"comment_status":"","ping_status":"open","sticky":false,"template":"","format":"standard","meta":{"_acf_changed":false,"footnotes":""},"categories":[16],"tags":[],"class_list":["post-20989","post","type-post","status-publish","format-standard","has-post-thumbnail","hentry","category-deportes"],"acf":{"ser_id":"45DZ4JJOVNHQLNOC6DLRGXYYVU","ser_url":"https:\/\/cadenaser.com\/comunitat-valenciana\/2025\/12\/21\/lucia-cortez-se-proclama-campeona-de-espana-de-tenis-radio-benidorm\/"},"_links":{"self":[{"href":"https:\/\/serbenidorm.daliisolutions.com\/index.php\/wp-json\/wp\/v2\/posts\/20989","targetHints":{"allow":["GET"]}}],"collection":[{"href":"https:\/\/serbenidorm.daliisolutions.com\/index.php\/wp-json\/wp\/v2\/posts"}],"about":[{"href":"https:\/\/serbenidorm.daliisolutions.com\/index.php\/wp-json\/wp\/v2\/types\/post"}],"replies":[{"embeddable":true,"href":"https:\/\/serbenidorm.daliisolutions.com\/index.php\/wp-json\/wp\/v2\/comments?post=20989"}],"version-history":[{"count":0,"href":"https:\/\/serbenidorm.daliisolutions.com\/index.php\/wp-json\/wp\/v2\/posts\/20989\/revisions"}],"wp:featuredmedia":[{"embeddable":true,"href":"https:\/\/serbenidorm.daliisolutions.com\/index.php\/wp-json\/wp\/v2\/media\/20990"}],"wp:attachment":[{"href":"https:\/\/serbenidorm.daliisolutions.com\/index.php\/wp-json\/wp\/v2\/media?parent=20989"}],"wp:term":[{"taxonomy":"category","embeddable":true,"href":"https:\/\/serbenidorm.daliisolutions.com\/index.php\/wp-json\/wp\/v2\/categories?post=20989"},{"taxonomy":"post_tag","embeddable":true,"href":"https:\/\/serbenidorm.daliisolutions.com\/index.php\/wp-json\/wp\/v2\/tags?post=20989"}],"curies":[{"name":"wp","href":"https:\/\/api.w.org\/{rel}","templated":true}]}}