{"id":20991,"date":"2025-12-21T15:07:28","date_gmt":"2025-12-21T14:07:28","guid":{"rendered":"https:\/\/serbenidorm.daliisolutions.com\/index.php\/2025\/12\/21\/benidorm-y-la-nucia-se-comen-el-turron-con-realidades-muy-distintas\/"},"modified":"2025-12-21T15:07:28","modified_gmt":"2025-12-21T14:07:28","slug":"benidorm-y-la-nucia-se-comen-el-turron-con-realidades-muy-distintas","status":"publish","type":"post","link":"https:\/\/serbenidorm.daliisolutions.com\/index.php\/2025\/12\/21\/benidorm-y-la-nucia-se-comen-el-turron-con-realidades-muy-distintas\/","title":{"rendered":"Benidorm y La Nuc\u00eda se comen el turr\u00f3n con realidades muy distintas"},"content":{"rendered":" <p>El f\u00fatbol comarcal ha llegado este s\u00e1bado al par\u00f3n navide\u00f1o con sus dos principales exponentes viviendo momentos muy distintos. El C.F. Benidorm cerr\u00f3 la primera vuelta de la fase regular de la Lliga Comunitat no s\u00f3lo como claro l\u00edder (una jornada antes hab\u00eda logrado de manera matem\u00e1tica la condici\u00f3n de campe\u00f3n de invierno), sino logrando un nuevo triunfo, esta vez en casa del Calpe por 2-3, que hace que los de Javier Vidales lleguen al ecuador de la temporada habiendo sumado 36 de los 45 posibles.<\/p>  <p>M\u00e1s all\u00e1 de esa nueva victoria, la und\u00e9cima en quince partidos, la campa\u00f1a de los de Javier Vidales est\u00e1 siendo muy ilusionante por la buena marcha que est\u00e1 llevando la apuesta del t\u00e9cnico leon\u00e9s por un grupo muy joven que se ha erigido ya como el gran favorito a lograr el ascenso directo a la Tercera RFEF.<\/p>  <p>En esa quinta categor\u00eda del f\u00fatbol nacional espera el C.F. La Nuc\u00eda, que se ha despedido de 2025 con un empate a dos goles en casa del Atl\u00e9tico Levante, un resultado que hace apenas un par de semanas hubiese sido celebrado casi como un triunfo, pero que ahora, sobre todo por la manera en que se produjo (tras haberse colocado 0-2 por delante y viendo el gol del empate con el tiempo cumplido), deja un sabor agridulce.<\/p>  <p>Desde la llegada de Vicente Mir al banquillo, los rojillos han mejorado sensiblemente en su imagen, aunque los resultados han tardado en llegar y es ahora, justo cuando se va a producir el par\u00f3n navide\u00f1o, cuando el proyecto parece haber encontrado una senda m\u00e1s positiva.<\/p>  <p>Con todo, el C.F. La Nuc\u00eda viaja ahora en la d\u00e9cima posici\u00f3n de la clasificaci\u00f3n con s\u00f3lo tres puntos de renta sobre los puestos de descenso y todav\u00eda a ocho de la promoci\u00f3n de ascenso, por lo que los de Mir deber\u00e1n aspirar a completar una segunda mitad de a\u00f1o casi tan excelente como la vivida en la temporada pasada para meterse en esa zona noble.<\/p> ","protected":false},"excerpt":{"rendered":"<p>Los del Guillermo Amor s\u00f3lo se han dejado nueve puntos en la primera vuelta | Los rojillos han mejorado, pero deben dar nuevos pasos adelante<\/p>\n","protected":false},"author":0,"featured_media":20992,"comment_status":"","ping_status":"open","sticky":false,"template":"","format":"standard","meta":{"_acf_changed":false,"footnotes":""},"categories":[16],"tags":[],"class_list":["post-20991","post","type-post","status-publish","format-standard","has-post-thumbnail","hentry","category-deportes"],"acf":{"ser_id":"FLAG375RZBABPB4SAU6GHMOV54","ser_url":"https:\/\/cadenaser.com\/comunitat-valenciana\/2025\/12\/21\/benidorm-y-la-nucia-se-comen-el-turron-con-realidades-muy-distintas-radio-benidorm\/"},"_links":{"self":[{"href":"https:\/\/serbenidorm.daliisolutions.com\/index.php\/wp-json\/wp\/v2\/posts\/20991","targetHints":{"allow":["GET"]}}],"collection":[{"href":"https:\/\/serbenidorm.daliisolutions.com\/index.php\/wp-json\/wp\/v2\/posts"}],"about":[{"href":"https:\/\/serbenidorm.daliisolutions.com\/index.php\/wp-json\/wp\/v2\/types\/post"}],"replies":[{"embeddable":true,"href":"https:\/\/serbenidorm.daliisolutions.com\/index.php\/wp-json\/wp\/v2\/comments?post=20991"}],"version-history":[{"count":0,"href":"https:\/\/serbenidorm.daliisolutions.com\/index.php\/wp-json\/wp\/v2\/posts\/20991\/revisions"}],"wp:featuredmedia":[{"embeddable":true,"href":"https:\/\/serbenidorm.daliisolutions.com\/index.php\/wp-json\/wp\/v2\/media\/20992"}],"wp:attachment":[{"href":"https:\/\/serbenidorm.daliisolutions.com\/index.php\/wp-json\/wp\/v2\/media?parent=20991"}],"wp:term":[{"taxonomy":"category","embeddable":true,"href":"https:\/\/serbenidorm.daliisolutions.com\/index.php\/wp-json\/wp\/v2\/categories?post=20991"},{"taxonomy":"post_tag","embeddable":true,"href":"https:\/\/serbenidorm.daliisolutions.com\/index.php\/wp-json\/wp\/v2\/tags?post=20991"}],"curies":[{"name":"wp","href":"https:\/\/api.w.org\/{rel}","templated":true}]}}