{"id":21,"date":"2023-11-29T15:21:04","date_gmt":"2023-11-29T14:21:04","guid":{"rendered":"https:\/\/serbenidorm.daliisolutions.com\/index.php\/2023\/11\/29\/altea-aprueba-inicialmente-su-plan-estructural-que-desclasifica-ocho-millones-de-metros-cuadrados\/"},"modified":"2023-11-29T15:21:04","modified_gmt":"2023-11-29T14:21:04","slug":"altea-aprueba-inicialmente-su-plan-estructural-que-desclasifica-ocho-millones-de-metros-cuadrados","status":"publish","type":"post","link":"https:\/\/serbenidorm.daliisolutions.com\/index.php\/2023\/11\/29\/altea-aprueba-inicialmente-su-plan-estructural-que-desclasifica-ocho-millones-de-metros-cuadrados\/","title":{"rendered":"Altea aprueba inicialmente su Plan Estructural que desclasifica ocho millones de metros cuadrados"},"content":{"rendered":" Altea  El Ayuntamiento de Altea dado luz verde al nuevo plan general que regir\u00e1  el desarrollo del municipio en las pr\u00f3ximas d\u00e9cadas. En el pleno celebrado hoy martes la Corporaci\u00f3n Municipal ha aprobado, de forma provisional, el Plan General Estructural con los<a href=\"https:\/\/cadenaser.com\/tag\/altea\/a\/\" target=\"_blank\" rel=\"noopener\"> votos a favor del Gobierno Comprom\u00eds-PSOE y los votos en contra de PP y VOX<\/a>.  Tras la aprobaci\u00f3n inicial el documento se trasladar\u00e1 a Conselleria de Urbanismo para su revisi\u00f3n y posterior aprobaci\u00f3n definitiva.   Una vez aprobado definitivamente, algo que el gobierno alteano estima que se pueda producir en el primer semestre de 2024, se desclasificar\u00e1n ocho millones de metros cuadrados ubicados en Sierra Bernia, fachada litoral, Isla de Altea, urbanizaci\u00f3n Caralmar, Cap Negret o en el R\u00edo, en el pol\u00edgono Industrial Mosmai-Sogai.  <p>M\u00e1s informaci\u00f3n<\/p><ul><li><a href=\"https:\/\/cadenaser.com\/comunitat-valenciana\/2023\/10\/03\/altea-consigue-dos-millones-de-euros-para-digitalizar-su-ciclo-del-agua-radio-benidorm\/\">Altea consigue dos millones de euros para digitalizar su ciclo del agua<\/a><\/li><\/ul>  El actual Plan General de Ordenaci\u00f3n Urbana data de 1982 y tal y como argumentan desde el gobierno municipal, \u201cest\u00e1 ya agotado y no response a las necesidades actuales del municipio ni la ciudadan\u00eda\u201d.  El nuevo planeamiento comenz\u00f3 a elaborarse en 2015 en una versi\u00f3n preliminar, pero no ha sido hasta ahora cuando se ha finalizado su redacci\u00f3n y se ha materializado su aprobaci\u00f3n inicial.  Seg\u00fan el edil de Urbanismo, Jos\u00e9 Orozco, la propuesta aprobada \u201csuma distintas sensibilidades y recoge propuestas de todos aquellos que han pasado por el Ayuntamiento de Altea\u201d.  <p><p class=\"tit\"><span>Hora 14 Benidorm (28\/11\/2023)<\/span><\/p> <p class=\"emb\"><\/p><\/p>  El documento pretende facilitar la implantaci\u00f3n racional de actividades econ\u00f3micas en el territorio, como en el nuevo suelo industrial de Expoaltea y Montahud. \u201cEl suelo de nuevo desarrollo responde a necesidades reales y objetivas, con un empleo racional y sostenible en el Pontet, Carbonera, Bellas Artes o Cap Blanch. Evita la urbanizaci\u00f3n difusa del territorio y fomenta un pueblo m\u00e1s compacto con dos n\u00facleos urbanos tanto en Altea como en Altea La Vella\u201d, ha explicado Orozco.  El nuevo Plan Estructural tambi\u00e9n fomenta la la movilidad sostenible a trav\u00e9s de una red de corredores y mejora la  conectividad externa e interna del municipio. Asimismo se contempla la creaci\u00f3n de un gran espacio para el uso y disfrute p\u00fablico en la primera l\u00ednea de la franja litoral, el crecimiento de la ciudad deportiva o el nuevo cementerio y tanatorio. ","protected":false},"excerpt":{"rendered":"<p>El anterior era de la d\u00e9cada de los ochenta<\/p>\n","protected":false},"author":0,"featured_media":22,"comment_status":"open","ping_status":"open","sticky":false,"template":"","format":"standard","meta":{"_acf_changed":false,"footnotes":""},"categories":[1],"tags":[],"class_list":["post-21","post","type-post","status-publish","format-standard","has-post-thumbnail","hentry","category-sin-categoria"],"acf":{"ser_id":"T4AEFQXILJEP7CBWTBYK3ZIG5A","ser_url":""},"_links":{"self":[{"href":"https:\/\/serbenidorm.daliisolutions.com\/index.php\/wp-json\/wp\/v2\/posts\/21","targetHints":{"allow":["GET"]}}],"collection":[{"href":"https:\/\/serbenidorm.daliisolutions.com\/index.php\/wp-json\/wp\/v2\/posts"}],"about":[{"href":"https:\/\/serbenidorm.daliisolutions.com\/index.php\/wp-json\/wp\/v2\/types\/post"}],"replies":[{"embeddable":true,"href":"https:\/\/serbenidorm.daliisolutions.com\/index.php\/wp-json\/wp\/v2\/comments?post=21"}],"version-history":[{"count":0,"href":"https:\/\/serbenidorm.daliisolutions.com\/index.php\/wp-json\/wp\/v2\/posts\/21\/revisions"}],"wp:featuredmedia":[{"embeddable":true,"href":"https:\/\/serbenidorm.daliisolutions.com\/index.php\/wp-json\/wp\/v2\/media\/22"}],"wp:attachment":[{"href":"https:\/\/serbenidorm.daliisolutions.com\/index.php\/wp-json\/wp\/v2\/media?parent=21"}],"wp:term":[{"taxonomy":"category","embeddable":true,"href":"https:\/\/serbenidorm.daliisolutions.com\/index.php\/wp-json\/wp\/v2\/categories?post=21"},{"taxonomy":"post_tag","embeddable":true,"href":"https:\/\/serbenidorm.daliisolutions.com\/index.php\/wp-json\/wp\/v2\/tags?post=21"}],"curies":[{"name":"wp","href":"https:\/\/api.w.org\/{rel}","templated":true}]}}