{"id":21003,"date":"2025-12-22T10:08:12","date_gmt":"2025-12-22T09:08:12","guid":{"rendered":"https:\/\/serbenidorm.daliisolutions.com\/index.php\/2025\/12\/22\/marko-krivokapic-y-el-balonmano-servigroup-benidorm-separan-sus-caminos\/"},"modified":"2025-12-22T10:08:12","modified_gmt":"2025-12-22T09:08:12","slug":"marko-krivokapic-y-el-balonmano-servigroup-benidorm-separan-sus-caminos","status":"publish","type":"post","link":"https:\/\/serbenidorm.daliisolutions.com\/index.php\/2025\/12\/22\/marko-krivokapic-y-el-balonmano-servigroup-benidorm-separan-sus-caminos\/","title":{"rendered":"Marko Krivokapic y el Balonmano Servigroup Benidorm separan sus caminos"},"content":{"rendered":" <p>El Club Balonmano Benidorm y Marko Krivokapic han acordado poner fin a su vinculaci\u00f3n despu\u00e9s de que el entrenador serbio haya trasladado a la entidad su decisi\u00f3n de renunciar al cargo por motivos de car\u00e1cter personal.<\/p>  <p>Krivokapic, que se incorpor\u00f3 al proyecto del club hace algo menos de un a\u00f1o, deja al equipo en una meritoria quinta posici\u00f3n de la Divisi\u00f3n de Honor Plata del balonmano espa\u00f1ol, adem\u00e1s con un partido menos disputado que buena parte de sus rivales directos, reflejo del trabajo realizado durante su etapa al frente del conjunto benidormense.<\/p>  <p>Desde el Club Balonmano Servigroup Benidorm se quiere expresar un sincero agradecimiento a Marko Krivokapic por su profesionalidad, compromiso y dedicaci\u00f3n durante el tiempo que ha dirigido al equipo, dese\u00e1ndole el mayor de los \u00e9xitos en sus futuros retos personales y profesionales.<\/p>  <p>Paralelamente, la entidad ya ha iniciado el proceso para incorporar a un nuevo entrenador que se haga cargo del equipo de cara a la reanudaci\u00f3n de la competici\u00f3n.<\/p> ","protected":false},"excerpt":{"rendered":"<p>El entrenador serbio abandona el banquillo benidormense por decisi\u00f3n propia<\/p>\n","protected":false},"author":0,"featured_media":21004,"comment_status":"","ping_status":"open","sticky":false,"template":"","format":"standard","meta":{"_acf_changed":false,"footnotes":""},"categories":[1],"tags":[],"class_list":["post-21003","post","type-post","status-publish","format-standard","has-post-thumbnail","hentry","category-sin-categoria"],"acf":{"ser_id":"UDSPFNVR4JEG5MZGRT42J4I7U4","ser_url":"https:\/\/cadenaser.com\/comunitat-valenciana\/2025\/12\/22\/marko-krivokapic-y-el-balonmano-servigroup-benidorm-separan-sus-caminos-radio-benidorm\/"},"_links":{"self":[{"href":"https:\/\/serbenidorm.daliisolutions.com\/index.php\/wp-json\/wp\/v2\/posts\/21003","targetHints":{"allow":["GET"]}}],"collection":[{"href":"https:\/\/serbenidorm.daliisolutions.com\/index.php\/wp-json\/wp\/v2\/posts"}],"about":[{"href":"https:\/\/serbenidorm.daliisolutions.com\/index.php\/wp-json\/wp\/v2\/types\/post"}],"replies":[{"embeddable":true,"href":"https:\/\/serbenidorm.daliisolutions.com\/index.php\/wp-json\/wp\/v2\/comments?post=21003"}],"version-history":[{"count":0,"href":"https:\/\/serbenidorm.daliisolutions.com\/index.php\/wp-json\/wp\/v2\/posts\/21003\/revisions"}],"wp:featuredmedia":[{"embeddable":true,"href":"https:\/\/serbenidorm.daliisolutions.com\/index.php\/wp-json\/wp\/v2\/media\/21004"}],"wp:attachment":[{"href":"https:\/\/serbenidorm.daliisolutions.com\/index.php\/wp-json\/wp\/v2\/media?parent=21003"}],"wp:term":[{"taxonomy":"category","embeddable":true,"href":"https:\/\/serbenidorm.daliisolutions.com\/index.php\/wp-json\/wp\/v2\/categories?post=21003"},{"taxonomy":"post_tag","embeddable":true,"href":"https:\/\/serbenidorm.daliisolutions.com\/index.php\/wp-json\/wp\/v2\/tags?post=21003"}],"curies":[{"name":"wp","href":"https:\/\/api.w.org\/{rel}","templated":true}]}}