{"id":21007,"date":"2025-12-22T11:39:10","date_gmt":"2025-12-22T10:39:10","guid":{"rendered":"https:\/\/serbenidorm.daliisolutions.com\/index.php\/2025\/12\/22\/seis-meses-de-prision-por-burlarse-en-benidorm-de-una-companera-con-enanismo\/"},"modified":"2025-12-22T11:39:10","modified_gmt":"2025-12-22T10:39:10","slug":"seis-meses-de-prision-por-burlarse-en-benidorm-de-una-companera-con-enanismo","status":"publish","type":"post","link":"https:\/\/serbenidorm.daliisolutions.com\/index.php\/2025\/12\/22\/seis-meses-de-prision-por-burlarse-en-benidorm-de-una-companera-con-enanismo\/","title":{"rendered":"Seis meses de prisi\u00f3n por burlarse en Benidorm de una compa\u00f1era con enanismo"},"content":{"rendered":" <p>Dos mujeres que trabajaban como empleadas del servicio de limpieza de un consultorio de Benidorm han sido condenadas a seis meses de prisi\u00f3n por vejar y burlarse de forma habitual de una compa\u00f1era que sufr\u00eda acondroplasia, a la que se refer\u00edan como \u201cla enana\u201d.<\/p>  <p>El tribunal de la Secci\u00f3n D\u00e9cima de la Audiencia de Alicante que juzg\u00f3 los hechos considera a las dos procesadas responsables de un delito de odio y, adem\u00e1s de los seis meses de c\u00e1rcel, les impone una indemnizaci\u00f3n a la perjudicada de 6.000 euros para resarcirla por los da\u00f1os morales ocasionados, seg\u00fan la sentencia.<\/p>  <p>Los magistrados han a\u00f1adido una medida de alejamiento con respecto a la v\u00edctima por tres a\u00f1os y seis meses en un fallo que absuelve a una tercera limpiadora tambi\u00e9n juzgada porque la sala no considera probada su participaci\u00f3n pese a haber estado presente en algunos de los episodios de burla.<\/p>  <p>Esos hechos tuvieron lugar a partir de diciembre de 2020 hasta julio de 2022, y se originaron a partir de una disputa originada por motivos laborales. Entre otros, puntos la sentencia considera probado que las dos acusadas se mofaron de la perjudicada dirigi\u00e9ndole expresiones vejatorias o promoviendo actos que la denigraban relacionados con su condici\u00f3n f\u00edsica, por ejemplo, llam\u00e1ndola con un n\u00famero oculto para decirle que la contrataban en el circo de los enanos como trapecista.<\/p>  <p>Tambi\u00e9n convencieron a un conocido para que la llamase en tono amenazante, avisando de la intenci\u00f3n de comunicar a su encargado que la hab\u00eda visto comprando en horario laboral y a\u00f1adiendo \u201cexpresiones vejatorias por raz\u00f3n de su discapacidad como que ella y su pareja eran \u2018h\u00edbridos\u2019 y que una persona \u2018corta\u2019\u201d.<\/p>  <p>Ese trato se manifestaba en el centro de trabajo, donde las acusadas \u201crealizaron diversos actos de humillaci\u00f3n, tales como hablar habitualmente de ella como \u2018la enana\u2019\u201d y profiriendo \u201ccomentarios e indirectas en tono de burla relativas a su discapacidad\u201d.<\/p>  <p>Ese comportamiento continuado llev\u00f3 a la v\u00edctima a presentar sendas denuncias ante la Polic\u00eda Nacional en 2021 pero las ahora condenadas alegaron que su comportamiento se limitaba a meras bromas y expresaron su arrepentimiento en el supuesto de que hubiesen causado alg\u00fan da\u00f1o.<\/p>  <p>En una sentencia recurrible en apelaci\u00f3n ante el Tribunal Superior de Justicia valenciano (TSJCV) en diez d\u00edas, la sala considera, respecto a las supuestas bromas, que \u201cno puede mantenerse\u201d esa argumentaci\u00f3n \u201cpor el car\u00e1cter an\u00f3nimo de algunos de los incidentes y por la reiteraci\u00f3n en el tiempo, por el que cualquier persona que fuera v\u00edctima de tal situaci\u00f3n percibe una sensaci\u00f3n de persecuci\u00f3n, hostigamiento y vigilancia hacia su persona\u201d. <\/p> ","protected":false},"excerpt":{"rendered":"<p>Dos limpiadoras de un consultorio de la localidad alicantina se refer\u00edan a esta mujer que sufr\u00eda acondroplasia como \u00abla enana\u00bb <\/p>\n","protected":false},"author":0,"featured_media":21008,"comment_status":"","ping_status":"open","sticky":false,"template":"","format":"standard","meta":{"_acf_changed":false,"footnotes":""},"categories":[1],"tags":[],"class_list":["post-21007","post","type-post","status-publish","format-standard","has-post-thumbnail","hentry","category-sin-categoria"],"acf":{"ser_id":"JVQRT6Z3X5HQZINQV7PMWOKZLA","ser_url":"https:\/\/cadenaser.com\/comunitat-valenciana\/2025\/12\/21\/seis-meses-de-prision-por-burlarse-en-benidorm-de-una-companera-con-enanismo-radio-alicante\/"},"_links":{"self":[{"href":"https:\/\/serbenidorm.daliisolutions.com\/index.php\/wp-json\/wp\/v2\/posts\/21007","targetHints":{"allow":["GET"]}}],"collection":[{"href":"https:\/\/serbenidorm.daliisolutions.com\/index.php\/wp-json\/wp\/v2\/posts"}],"about":[{"href":"https:\/\/serbenidorm.daliisolutions.com\/index.php\/wp-json\/wp\/v2\/types\/post"}],"replies":[{"embeddable":true,"href":"https:\/\/serbenidorm.daliisolutions.com\/index.php\/wp-json\/wp\/v2\/comments?post=21007"}],"version-history":[{"count":0,"href":"https:\/\/serbenidorm.daliisolutions.com\/index.php\/wp-json\/wp\/v2\/posts\/21007\/revisions"}],"wp:featuredmedia":[{"embeddable":true,"href":"https:\/\/serbenidorm.daliisolutions.com\/index.php\/wp-json\/wp\/v2\/media\/21008"}],"wp:attachment":[{"href":"https:\/\/serbenidorm.daliisolutions.com\/index.php\/wp-json\/wp\/v2\/media?parent=21007"}],"wp:term":[{"taxonomy":"category","embeddable":true,"href":"https:\/\/serbenidorm.daliisolutions.com\/index.php\/wp-json\/wp\/v2\/categories?post=21007"},{"taxonomy":"post_tag","embeddable":true,"href":"https:\/\/serbenidorm.daliisolutions.com\/index.php\/wp-json\/wp\/v2\/tags?post=21007"}],"curies":[{"name":"wp","href":"https:\/\/api.w.org\/{rel}","templated":true}]}}