{"id":2102,"date":"2024-02-07T09:31:13","date_gmt":"2024-02-07T08:31:13","guid":{"rendered":"https:\/\/serbenidorm.daliisolutions.com\/index.php\/2024\/02\/07\/la-guardia-civil-detiene-al-acusado-de-matar-a-su-pareja-en-lalfas-del-pi-alicante\/"},"modified":"2024-02-07T09:31:13","modified_gmt":"2024-02-07T08:31:13","slug":"la-guardia-civil-detiene-al-acusado-de-matar-a-su-pareja-en-lalfas-del-pi-alicante","status":"publish","type":"post","link":"https:\/\/serbenidorm.daliisolutions.com\/index.php\/2024\/02\/07\/la-guardia-civil-detiene-al-acusado-de-matar-a-su-pareja-en-lalfas-del-pi-alicante\/","title":{"rendered":"La Guardia Civil detiene al acusado de matar a su pareja en l&#8217;Alf\u00e0s del Pi (Alicante)"},"content":{"rendered":"  <p>Val\u00e8ncia<\/p>   <p>El hombre de 52 a\u00f1os que era buscado desde este martes acusado <a href=\"https:\/\/cadenaser.com\/comunitat-valenciana\/2024\/02\/06\/asesinan-a-una-mujer-de-44-anos-en-lalfas-del-pi-alicante-y-buscan-a-su-pareja-como-supuesto-autor-radio-benidorm\/\" target=\"_blank\" rel=\"noopener\">de asesinar a pu\u00f1aladas su pareja sentimental<\/a>, una mujer de 44 a\u00f1os, en un domicilio de l&#8217;Alf\u00e0s del Pi (Alicante) ha sido detenido a primera hora de este mi\u00e9rcoles.<\/p>   <p>Fuentes del caso han de que el arresto se ha producido este mi\u00e9rcoles aunque por el momento no se han ofrecido m\u00e1s detalles.<\/p>   <p>El crimen se cometi\u00f3 en la madrugada del domingo al lunes en una vivienda del casco urbano de l&#8217;Alf\u00e0s, en la calle Figuera, aunque se conoci\u00f3 ayer sobre las 14 horas cuando la Guardia Civil hall\u00f3 el cad\u00e1ver de la asesinada, que ten\u00eda dos hijos fruto de una relaci\u00f3n anterior.<\/p>   <p>Lo buscaban desde el lunes<\/p>   <p>Desde entonces, se activ\u00f3 un dispositivo de b\u00fasqueda de su pareja sentimental, que tambi\u00e9n tiene dos hijos con otra mujer diferente y que contaba con antecedentes por malos tratos a esta \u00faltima, que ha concluido con \u00e9xito esta ma\u00f1ana.<\/p>   <p>Desde un primer momento, la principal hip\u00f3tesis de los investigadores es que se trata de un crimen machista cometido en una peque\u00f1a poblaci\u00f3n que se halla consternada y cuyo ayuntamiento ha ha decretado tres d\u00edas de luto.<\/p>   <p>016: tel\u00e9fono contra la violencia machista<\/p>   <p>El 016 atiende a todas las v\u00edctimas de violencia machista las 24 horas del d\u00eda y en 52 idiomas diferentes, al igual que el correo <a href=\"mailto:016-online@igualdad.gob.es\" rel=\"nofollow noopener\" target=\"_blank\">016-online@igualdad.gob.es<\/a>. Tambi\u00e9n se presta atenci\u00f3n mediante WhatsApp a trav\u00e9s del n\u00famero 600 000 016, y los menores pueden dirigirse al tel\u00e9fono de la Fundaci\u00f3n ANAR 900 202 010.<\/p>   <p>En una situaci\u00f3n de emergencia, se puede llamar al 112 o a los tel\u00e9fonos de la Polic\u00eda Nacional (091) y de la Guardia Civil (062), y en caso de no poder llamar se puede recurrir a la aplicaci\u00f3n &#8216;Alertcops&#8217;, desde la que se env\u00eda una se\u00f1al de alerta a la Polic\u00eda con geolocalizaci\u00f3n. El 016 no deja rastro en la factura telef\u00f3nica aunque s\u00ed que hay que borrarlo del registro de llamadas del dispositivo si no queremos que aparezca.<\/p> ","protected":false},"excerpt":{"rendered":"<p>El arresto se ha producido el mi\u00e9rcoles a primera hora y desde un primer momento, la principal hip\u00f3tesis de los investigadores es que se trata de un crimen machista<\/p>\n","protected":false},"author":0,"featured_media":2103,"comment_status":"open","ping_status":"open","sticky":false,"template":"","format":"standard","meta":{"_acf_changed":false,"footnotes":""},"categories":[1],"tags":[],"class_list":["post-2102","post","type-post","status-publish","format-standard","has-post-thumbnail","hentry","category-sin-categoria"],"acf":{"ser_id":"CDMVKA36SFGOPNZFVQFL7GAZX4","ser_url":"https:\/\/cadenaser.com\/comunitat-valenciana\/2024\/02\/07\/la-policia-nacional-detiene-al-acusado-de-matar-a-su-pareja-en-lalfas-del-pi-alicante-radio-benidorm\/"},"_links":{"self":[{"href":"https:\/\/serbenidorm.daliisolutions.com\/index.php\/wp-json\/wp\/v2\/posts\/2102","targetHints":{"allow":["GET"]}}],"collection":[{"href":"https:\/\/serbenidorm.daliisolutions.com\/index.php\/wp-json\/wp\/v2\/posts"}],"about":[{"href":"https:\/\/serbenidorm.daliisolutions.com\/index.php\/wp-json\/wp\/v2\/types\/post"}],"replies":[{"embeddable":true,"href":"https:\/\/serbenidorm.daliisolutions.com\/index.php\/wp-json\/wp\/v2\/comments?post=2102"}],"version-history":[{"count":0,"href":"https:\/\/serbenidorm.daliisolutions.com\/index.php\/wp-json\/wp\/v2\/posts\/2102\/revisions"}],"wp:featuredmedia":[{"embeddable":true,"href":"https:\/\/serbenidorm.daliisolutions.com\/index.php\/wp-json\/wp\/v2\/media\/2103"}],"wp:attachment":[{"href":"https:\/\/serbenidorm.daliisolutions.com\/index.php\/wp-json\/wp\/v2\/media?parent=2102"}],"wp:term":[{"taxonomy":"category","embeddable":true,"href":"https:\/\/serbenidorm.daliisolutions.com\/index.php\/wp-json\/wp\/v2\/categories?post=2102"},{"taxonomy":"post_tag","embeddable":true,"href":"https:\/\/serbenidorm.daliisolutions.com\/index.php\/wp-json\/wp\/v2\/tags?post=2102"}],"curies":[{"name":"wp","href":"https:\/\/api.w.org\/{rel}","templated":true}]}}