{"id":21027,"date":"2025-12-23T09:57:04","date_gmt":"2025-12-23T08:57:04","guid":{"rendered":"https:\/\/serbenidorm.daliisolutions.com\/index.php\/2025\/12\/23\/el-rally-de-la-nucia-cambia-de-fechas-para-abrir-el-s-cer\/"},"modified":"2025-12-23T09:57:04","modified_gmt":"2025-12-23T08:57:04","slug":"el-rally-de-la-nucia-cambia-de-fechas-para-abrir-el-s-cer","status":"publish","type":"post","link":"https:\/\/serbenidorm.daliisolutions.com\/index.php\/2025\/12\/23\/el-rally-de-la-nucia-cambia-de-fechas-para-abrir-el-s-cer\/","title":{"rendered":"El Rally de La Nuc\u00eda cambia de fechas para abrir el S-CER"},"content":{"rendered":" <p>El Rally de La Nuc\u00eda, que en 2026 llegar\u00e1 a su 32\u00aa edici\u00f3n, se disputar\u00e1 del 16 al 21 de marzo y ser\u00e1 en encargado de abrir la temporada del Supercampeonato de Espa\u00f1a (S-CER), una revoluci\u00f3n para una cita que, desde hace ya varias temporadas, cerraba el m\u00e1ximo certamen nacional de la especialidad.<\/p>  <p>De esta manera, la prueba de la Costa Blanca vuelve a sus or\u00edgenes (cuando todav\u00eda se disputaba bajo el nombre de Rally de La Vila Joiosa) y volver\u00e1 a ser la puesta de largo de los mejores pilotos del panorama espa\u00f1ol.<\/p>  <p>Desde la organizaci\u00f3n, este cambio de fechas se entiende como un hito que refuerza el prestigio deportivo y organizativo de la cita alicantina<\/p>  <p>La Real Federaci\u00f3n Espa\u00f1ola de Automovilismo ha hecho p\u00fablico el calendario oficial del S-CER 2026 tras la celebraci\u00f3n de su asamblea, confirmando que la prueba nuciera ser\u00e1 la encargada de abrir el campeonato, una circunstancia que incrementar\u00e1 notablemente su repercusi\u00f3n medi\u00e1tica y deportiva.<\/p>  <p>Ser la primera prueba puntuable del S-CER implica que La Nuc\u00eda ser\u00e1 el escenario en el que se presenten oficialmente los equipos, pilotos y veh\u00edculos que competir\u00e1n a lo largo de toda la temporada. Esta condici\u00f3n augura una participaci\u00f3n muy elevada y sit\u00faa al rally como uno de los focos principales del automovilismo nacional en el arranque del a\u00f1o.<\/p>  <p>Este cambio de fechas supone tambi\u00e9n un importante reto organizativo, ya que restan apenas tres meses naturales, alrededor de 65 d\u00edas h\u00e1biles, para preparar una edici\u00f3n que mantenga el alto nivel alcanzado en a\u00f1os anteriores. Aun as\u00ed, desde la organizaci\u00f3n se afronta este desaf\u00edo con confianza, apoy\u00e1ndose en la experiencia acumulada y en la estructura consolidada del rallye.<\/p>  <p>La edici\u00f3n de 2026 ser\u00e1 la d\u00e9cima consecutiva con La Nuc\u00eda como sede principal de la prueba, un dato que confirma la estrecha vinculaci\u00f3n entre el municipio y este evento deportivo. La organizaci\u00f3n conf\u00eda en volver a contar con la colaboraci\u00f3n de los ayuntamientos que respaldaron el rally en la pasada edici\u00f3n, con el objetivo de mantener el mismo recorrido, la estructura log\u00edstica y el nivel organizativo que caracteriz\u00f3 al rallye de 2025.<\/p>  <p>Asimismo, est\u00e1 prevista la continuidad del apoyo institucional de la Diputaci\u00f3n de Alicante y de la Conselleria de Deportes, as\u00ed como la implicaci\u00f3n de patrocinadores privados y de los municipios por los que discurre la prueba, elementos clave para garantizar el \u00e9xito deportivo y organizativo del evento.<\/p>  <p>M\u00e1s all\u00e1 de su relevancia deportiva, el Rally La Nuc\u00eda Mediterr\u00e1neo \u2018Trofeo Costa Blanca\u2019 se ha consolidado como un acontecimiento de primer orden desde el punto de vista econ\u00f3mico. En la edici\u00f3n de 2025, la prueba supuso una inversi\u00f3n superior a los 330.000 euros y gener\u00f3 un retorno de 28,78 euros por cada euro invertido, lo que se tradujo en un impacto econ\u00f3mico total de 9,4 millones de euros en el conjunto de la provincia de Alicante.<\/p> ","protected":false},"excerpt":{"rendered":"<p>La prueba de la Costa Blanca vuelve a sus or\u00edgenes y ser\u00e1 la primera del calendario del m\u00e1ximo certamen nacional<\/p>\n","protected":false},"author":0,"featured_media":21028,"comment_status":"","ping_status":"open","sticky":false,"template":"","format":"standard","meta":{"_acf_changed":false,"footnotes":""},"categories":[16],"tags":[],"class_list":["post-21027","post","type-post","status-publish","format-standard","has-post-thumbnail","hentry","category-deportes"],"acf":{"ser_id":"43NFEPJE4RGCJHKXNM6OXV4M6Y","ser_url":"https:\/\/cadenaser.com\/comunitat-valenciana\/2025\/12\/23\/el-rally-de-la-nucia-cambia-de-fechas-para-abrir-el-s-cer-radio-benidorm\/"},"_links":{"self":[{"href":"https:\/\/serbenidorm.daliisolutions.com\/index.php\/wp-json\/wp\/v2\/posts\/21027","targetHints":{"allow":["GET"]}}],"collection":[{"href":"https:\/\/serbenidorm.daliisolutions.com\/index.php\/wp-json\/wp\/v2\/posts"}],"about":[{"href":"https:\/\/serbenidorm.daliisolutions.com\/index.php\/wp-json\/wp\/v2\/types\/post"}],"replies":[{"embeddable":true,"href":"https:\/\/serbenidorm.daliisolutions.com\/index.php\/wp-json\/wp\/v2\/comments?post=21027"}],"version-history":[{"count":0,"href":"https:\/\/serbenidorm.daliisolutions.com\/index.php\/wp-json\/wp\/v2\/posts\/21027\/revisions"}],"wp:featuredmedia":[{"embeddable":true,"href":"https:\/\/serbenidorm.daliisolutions.com\/index.php\/wp-json\/wp\/v2\/media\/21028"}],"wp:attachment":[{"href":"https:\/\/serbenidorm.daliisolutions.com\/index.php\/wp-json\/wp\/v2\/media?parent=21027"}],"wp:term":[{"taxonomy":"category","embeddable":true,"href":"https:\/\/serbenidorm.daliisolutions.com\/index.php\/wp-json\/wp\/v2\/categories?post=21027"},{"taxonomy":"post_tag","embeddable":true,"href":"https:\/\/serbenidorm.daliisolutions.com\/index.php\/wp-json\/wp\/v2\/tags?post=21027"}],"curies":[{"name":"wp","href":"https:\/\/api.w.org\/{rel}","templated":true}]}}