{"id":21031,"date":"2025-12-23T11:42:52","date_gmt":"2025-12-23T10:42:52","guid":{"rendered":"https:\/\/serbenidorm.daliisolutions.com\/index.php\/2025\/12\/23\/jose-luis-susmozas-marca-una-planificacion-realista-en-polop-como-prioridad-para-2026\/"},"modified":"2025-12-23T11:42:52","modified_gmt":"2025-12-23T10:42:52","slug":"jose-luis-susmozas-marca-una-planificacion-realista-en-polop-como-prioridad-para-2026","status":"publish","type":"post","link":"https:\/\/serbenidorm.daliisolutions.com\/index.php\/2025\/12\/23\/jose-luis-susmozas-marca-una-planificacion-realista-en-polop-como-prioridad-para-2026\/","title":{"rendered":"Jos\u00e9 Luis Susmozas marca una planificaci\u00f3n realista en Polop como prioridad para 2026"},"content":{"rendered":" <p>El alcalde de Polop de la Marina, Jos\u00e9 Luis Susmozas, ha mantenido un encuentro con los medios de comunicaci\u00f3n con motivo del tradicional desayuno informativo de final de a\u00f1o, una cita en la que ha realizado un balance detallado de la gesti\u00f3n municipal durante 2025 y ha avanzado las principales l\u00edneas de actuaci\u00f3n previstas para el pr\u00f3ximo ejercicio.<\/p>  <p>Durante su intervenci\u00f3n, Susmozas ha subrayado que 2025 ha sido un a\u00f1o \u201cintenso y centrado en la gesti\u00f3n\u201d, en el que el Ayuntamiento ha tenido que afrontar \u201cproblemas arrastrados desde hace a\u00f1os y poner orden en \u00e1reas clave del funcionamiento municipal\u201d. En este sentido, el alcalde ha remarcado que una de las prioridades del equipo de gobierno ha sido dotar de estabilidad, coordinaci\u00f3n interna y una planificaci\u00f3n realista a la administraci\u00f3n local.<\/p>  <p>En el apartado econ\u00f3mico, el alcalde ha destacado una gesti\u00f3n responsable y prudente, con presupuestos ajustados a la realidad, control del gasto y priorizaci\u00f3n de las necesidades reales del municipio. Como resultado de esta pol\u00edtica, el Ayuntamiento de Polop cuenta actualmente con alrededor de nueve millones de euros en sus cuentas.<\/p>  <p>Una situaci\u00f3n que, seg\u00fan Susmozas, \u201cpermite afrontar inversiones con seguridad y sin comprometer la estabilidad financiera\u201d, al tiempo que dota al Consistorio de margen para planificar actuaciones de futuro con garant\u00edas.<\/p>  <p>En esta l\u00ednea, el primer edil ha puesto en valor el trabajo realizado para la captaci\u00f3n de financiaci\u00f3n externa, destacando la obtenci\u00f3n de 2,4 millones de euros procedentes de los fondos europeos EDIL. Una financiaci\u00f3n lograda, ha se\u00f1alado, gracias a la planificaci\u00f3n t\u00e9cnica y a la presentaci\u00f3n de proyectos s\u00f3lidos y bien estructurados.<\/p>  <p>Estos recursos permitir\u00e1n ejecutar actuaciones estrat\u00e9gicas para el municipio sin necesidad de recurrir al endeudamiento ni poner en riesgo las arcas municipales, reforzando as\u00ed la sostenibilidad econ\u00f3mica de Polop.<\/p>  <p>Susmozas tambi\u00e9n se ha referido al pacto de gobierno entre el Partido Popular y \u00c1ngela Fuster, al que ha definido como \u201cun acuerdo basado en la responsabilidad y el di\u00e1logo\u201d, orientado a garantizar la estabilidad institucional y una gesti\u00f3n centrada en los problemas reales del municipio.<\/p>  <p>En este contexto, ha explicado la situaci\u00f3n de los presupuestos municipales de 2026, se\u00f1alando que el PSOE ha comunicado su oposici\u00f3n. Una postura que el equipo de gobierno respeta, aunque no comparte, y ante la que seguir\u00e1 trabajando con el objetivo de sacar adelante la acci\u00f3n municipal.<\/p>  <p>Entre las principales actuaciones realizadas durante este a\u00f1o, el alcalde ha destacado tanto proyectos visibles como trabajos estructurales fundamentales. Entre ellos, la elaboraci\u00f3n de la primera Relaci\u00f3n de Puestos de Trabajo (RPT) del Ayuntamiento, que aporta orden, transparencia y seguridad jur\u00eddica a la gesti\u00f3n del personal municipal.<\/p>  <p>Asimismo, ha subrayado la puesta en marcha de una Bolsa de Empleo para agentes de la Polic\u00eda Local y el avance en la licitaci\u00f3n del nuevo ret\u00e9n policial, una infraestructura que se prev\u00e9 sea una realidad a lo largo de 2026.<\/p>  <p>En materia de infraestructuras, Susmozas ha se\u00f1alado la reparaci\u00f3n del colector general del Cam\u00ed del Matadero, una obra b\u00e1sica para garantizar el correcto funcionamiento del saneamiento, junto a otras actuaciones menos visibles pero necesarias para prevenir problemas futuros.<\/p>  <p>En el \u00e1mbito deportivo y del bienestar, ha recordado la puesta en marcha del gimnasio municipal y la mejora de los exteriores de la piscina municipal, actuaciones que han permitido ampliar la oferta deportiva y mejorar instalaciones muy utilizadas por la ciudadan\u00eda.<\/p>  <p>La gesti\u00f3n del ciclo h\u00eddrico y el medio ambiente ha sido otro de los ejes del a\u00f1o, marcado por la sequ\u00eda y la necesidad de trabajar con previsi\u00f3n. El alcalde ha explicado que se ha reforzado la coordinaci\u00f3n con los regantes y con otras administraciones, adem\u00e1s de planificar inversiones para garantizar el suministro y mejorar la eficiencia de un recurso estrat\u00e9gico.<\/p>  <p>En el \u00e1mbito social, ha destacado el refuerzo de los servicios sociales y la atenci\u00f3n a mayores y familias, as\u00ed como el papel de Polop como referente comarcal tras acoger el Encuentro de Mujeres de la Marina Baixa. Tambi\u00e9n ha puesto en valor la programaci\u00f3n cultural estable y el apoyo a las asociaciones locales, a las que ha definido como el verdadero motor de la vida social del municipio.<\/p>  <p>En materia tur\u00edstica, Susmozas ha reafirmado la apuesta por un modelo sostenible, vinculado al entorno natural, el patrimonio y la calidad de vida, desarrollado con planificaci\u00f3n y sin improvisaciones.<\/p>  <p>De cara a 2026, el alcalde ha avanzado que ser\u00e1 el a\u00f1o de ejecutar muchos de los proyectos preparados durante este tiempo, entre los que ha destacado la finalizaci\u00f3n del centro juvenil, la reurbanizaci\u00f3n del Carrer P\u00f2sit y el cambio del c\u00e9sped artificial del campo de f\u00fatbol 7, inversiones que mejorar\u00e1n los servicios, la accesibilidad y las instalaciones deportivas de Polop.<\/p>  <p>El alcalde ha cerrado su intervenci\u00f3n agradeciendo la labor de las asociaciones culturales, deportivas, sociales y festeras del municipio, trasladando un mensaje de optimismo y compromiso de futuro. \u201cPolop tiene ahora un rumbo definido, una planificaci\u00f3n clara y un equipo centrado en el trabajo, la constancia y la responsabilidad\u201d, ha se\u00f1alado, antes de desear unas felices fiestas a los vecinos y vecinas.<\/p>  <p>Por su parte, \u00c1ngela Fuster ha intervenido para repasar el trabajo desarrollado en sus concejal\u00edas y ha subrayado la importancia de que se aprueben los presupuestos municipales de 2026. Ha destacado como hitos del pr\u00f3ximo ejercicio el 50 aniversario de la Pla\u00e7a dels Xorros y de la Polif\u00f2nica Antonio Berenguer, as\u00ed como el 150 aniversario del nacimiento del bar\u00edtono Emilio Sagi Barba, mostrando adem\u00e1s la unidad del equipo de gobierno y apelando a centrar la pol\u00edtica local en los intereses de los polopinos y polopinas.<\/p> ","protected":false},"excerpt":{"rendered":"<p>El alcalde destaca la estabilidad econ\u00f3mica, la captaci\u00f3n de fondos europeos y la planificaci\u00f3n como bases del futuro del municipio<\/p>\n","protected":false},"author":0,"featured_media":21032,"comment_status":"","ping_status":"open","sticky":false,"template":"","format":"standard","meta":{"_acf_changed":false,"footnotes":""},"categories":[1],"tags":[],"class_list":["post-21031","post","type-post","status-publish","format-standard","has-post-thumbnail","hentry","category-sin-categoria"],"acf":{"ser_id":"JBM3DPHY5ZHX5PZ436ZCXPBZAI","ser_url":"https:\/\/cadenaser.com\/comunitat-valenciana\/2025\/12\/23\/jose-luis-susmozas-marca-una-planificacion-realista-en-polop-como-prioridad-para-2026-radio-benidorm\/"},"_links":{"self":[{"href":"https:\/\/serbenidorm.daliisolutions.com\/index.php\/wp-json\/wp\/v2\/posts\/21031","targetHints":{"allow":["GET"]}}],"collection":[{"href":"https:\/\/serbenidorm.daliisolutions.com\/index.php\/wp-json\/wp\/v2\/posts"}],"about":[{"href":"https:\/\/serbenidorm.daliisolutions.com\/index.php\/wp-json\/wp\/v2\/types\/post"}],"replies":[{"embeddable":true,"href":"https:\/\/serbenidorm.daliisolutions.com\/index.php\/wp-json\/wp\/v2\/comments?post=21031"}],"version-history":[{"count":0,"href":"https:\/\/serbenidorm.daliisolutions.com\/index.php\/wp-json\/wp\/v2\/posts\/21031\/revisions"}],"wp:featuredmedia":[{"embeddable":true,"href":"https:\/\/serbenidorm.daliisolutions.com\/index.php\/wp-json\/wp\/v2\/media\/21032"}],"wp:attachment":[{"href":"https:\/\/serbenidorm.daliisolutions.com\/index.php\/wp-json\/wp\/v2\/media?parent=21031"}],"wp:term":[{"taxonomy":"category","embeddable":true,"href":"https:\/\/serbenidorm.daliisolutions.com\/index.php\/wp-json\/wp\/v2\/categories?post=21031"},{"taxonomy":"post_tag","embeddable":true,"href":"https:\/\/serbenidorm.daliisolutions.com\/index.php\/wp-json\/wp\/v2\/tags?post=21031"}],"curies":[{"name":"wp","href":"https:\/\/api.w.org\/{rel}","templated":true}]}}