{"id":21033,"date":"2025-12-23T12:26:00","date_gmt":"2025-12-23T11:26:00","guid":{"rendered":"https:\/\/serbenidorm.daliisolutions.com\/index.php\/2025\/12\/23\/benidorm-arranca-los-preparativos-para-la-copa-del-mundo-de-ciclocross\/"},"modified":"2025-12-23T12:26:00","modified_gmt":"2025-12-23T11:26:00","slug":"benidorm-arranca-los-preparativos-para-la-copa-del-mundo-de-ciclocross","status":"publish","type":"post","link":"https:\/\/serbenidorm.daliisolutions.com\/index.php\/2025\/12\/23\/benidorm-arranca-los-preparativos-para-la-copa-del-mundo-de-ciclocross\/","title":{"rendered":"Benidorm arranca los preparativos para la Copa del Mundo de ciclocross"},"content":{"rendered":" <p>La ciudad de Benidorm ha comenzado ya los trabajos preparatorios de la prueba de la Copa del Mundo de Ciclocross que se disputar\u00e1 el pr\u00f3ximo 18 de enero en los parques de El Moralet y Foietes, uno de los grandes eventos deportivos internacionales que acoger\u00e1 la ciudad en 2026.<\/p>  <p>En este contexto, los concejales de Seguridad Ciudadana, Jes\u00fas Carrobles; Deportes, Javi Jord\u00e1; y Parques y Jardines, Jos\u00e9 Ram\u00f3n Gonz\u00e1lez de Z\u00e1rate, participaron ayer en una primera reuni\u00f3n t\u00e9cnica de coordinaci\u00f3n en la que se abordaron las principales cuestiones relacionadas con la seguridad, el montaje del circuito y la reordenaci\u00f3n de la movilidad en el entorno del parque natural.<\/p>  <p>En el encuentro tambi\u00e9n estuvieron presentes representantes de la empresa organizadora del evento, as\u00ed como efectivos de la Guardia Civil, el Cuerpo Nacional de Polic\u00eda, la Polic\u00eda Local de Benidorm y Protecci\u00f3n Civil, adem\u00e1s de t\u00e9cnicos municipales de las \u00e1reas de Seguridad Ciudadana y Deportes.<\/p>  <p>Durante la reuni\u00f3n se puso sobre la mesa la necesidad de una planificaci\u00f3n detallada y anticipada para garantizar el correcto desarrollo de una prueba que atraer\u00e1 a miles de aficionados al ciclocross procedentes de distintos puntos de Espa\u00f1a y de Europa.<\/p>  <p>Uno de los principales asuntos tratados fue el dise\u00f1o del dispositivo de seguridad y la reordenaci\u00f3n del tr\u00e1fico y los accesos al parque de El Moralet durante los d\u00edas previos y el propio d\u00eda de la competici\u00f3n. El objetivo es minimizar las afecciones a vecinos y visitantes, al tiempo que se garantiza la seguridad de participantes, p\u00fablico y personal t\u00e9cnico.<\/p>  <p>Asimismo, se comenz\u00f3 a trabajar en la planificaci\u00f3n del montaje y desmontaje de las infraestructuras necesarias para la prueba, teniendo en cuenta el car\u00e1cter natural y protegido del entorno.<\/p>  <p>La reuni\u00f3n celebrada ayer supone el primer paso de una serie de encuentros sectoriales que se desarrollar\u00e1n en las pr\u00f3ximas semanas para perfilar de manera definitiva los distintos dispositivos sanitario, de movilidad y de seguridad.<\/p>  <p>Seg\u00fan las previsiones de la organizaci\u00f3n, la prueba de la Copa del Mundo de Ciclocross en Benidorm congregar\u00e1 a m\u00e1s de 15.000 personas, consolidando a la ciudad como uno de los grandes referentes internacionales de esta disciplina y como un escenario habitual para la celebraci\u00f3n de grandes eventos deportivos al aire libre.<\/p> ","protected":false},"excerpt":{"rendered":"<p>El Ayuntamiento coordina los primeros dispositivos de seguridad y movilidad para la prueba del 18 de enero, que reunir\u00e1 a m\u00e1s de 15.000 personas<\/p>\n","protected":false},"author":0,"featured_media":21034,"comment_status":"","ping_status":"open","sticky":false,"template":"","format":"standard","meta":{"_acf_changed":false,"footnotes":""},"categories":[16],"tags":[],"class_list":["post-21033","post","type-post","status-publish","format-standard","has-post-thumbnail","hentry","category-deportes"],"acf":{"ser_id":"P54IPCCYMRGZRABYJON4UNFHOI","ser_url":"https:\/\/cadenaser.com\/comunitat-valenciana\/2025\/12\/23\/benidorm-arranca-los-preparativos-para-la-copa-del-mundo-de-ciclocross-radio-benidorm\/"},"_links":{"self":[{"href":"https:\/\/serbenidorm.daliisolutions.com\/index.php\/wp-json\/wp\/v2\/posts\/21033","targetHints":{"allow":["GET"]}}],"collection":[{"href":"https:\/\/serbenidorm.daliisolutions.com\/index.php\/wp-json\/wp\/v2\/posts"}],"about":[{"href":"https:\/\/serbenidorm.daliisolutions.com\/index.php\/wp-json\/wp\/v2\/types\/post"}],"replies":[{"embeddable":true,"href":"https:\/\/serbenidorm.daliisolutions.com\/index.php\/wp-json\/wp\/v2\/comments?post=21033"}],"version-history":[{"count":0,"href":"https:\/\/serbenidorm.daliisolutions.com\/index.php\/wp-json\/wp\/v2\/posts\/21033\/revisions"}],"wp:featuredmedia":[{"embeddable":true,"href":"https:\/\/serbenidorm.daliisolutions.com\/index.php\/wp-json\/wp\/v2\/media\/21034"}],"wp:attachment":[{"href":"https:\/\/serbenidorm.daliisolutions.com\/index.php\/wp-json\/wp\/v2\/media?parent=21033"}],"wp:term":[{"taxonomy":"category","embeddable":true,"href":"https:\/\/serbenidorm.daliisolutions.com\/index.php\/wp-json\/wp\/v2\/categories?post=21033"},{"taxonomy":"post_tag","embeddable":true,"href":"https:\/\/serbenidorm.daliisolutions.com\/index.php\/wp-json\/wp\/v2\/tags?post=21033"}],"curies":[{"name":"wp","href":"https:\/\/api.w.org\/{rel}","templated":true}]}}