{"id":21039,"date":"2025-12-23T13:05:02","date_gmt":"2025-12-23T12:05:02","guid":{"rendered":"https:\/\/serbenidorm.daliisolutions.com\/index.php\/2025\/12\/23\/benidorm-incorpora-un-gimnasio-al-aire-libre-en-el-parque-de-el-moralet\/"},"modified":"2025-12-23T13:05:02","modified_gmt":"2025-12-23T12:05:02","slug":"benidorm-incorpora-un-gimnasio-al-aire-libre-en-el-parque-de-el-moralet","status":"publish","type":"post","link":"https:\/\/serbenidorm.daliisolutions.com\/index.php\/2025\/12\/23\/benidorm-incorpora-un-gimnasio-al-aire-libre-en-el-parque-de-el-moralet\/","title":{"rendered":"Benidorm incorpora un gimnasio al aire libre en el parque de El Moralet"},"content":{"rendered":" <p>La Concejal\u00eda de Parques y Jardines del Ayuntamiento de Benidorm instala estos d\u00edas un nuevo gimnasio al aire libre en el parque de El Moralet para ampliar la oferta l\u00fadica y deportiva de esta gran zona verde. En concreto, este especio deportivo va a contar con elementos para el levantamiento de pesas y est\u00e1 enfocado a usuarios de 14 a\u00f1os en adelante.<\/p>  <p>Seg\u00fan ha precisado el concejal Jos\u00e9 Ram\u00f3n Gonz\u00e1lez de Z\u00e1rate, los nuevos elementos se est\u00e1n instalando en la entrada a El Moralet por la zona de Mercasa junto a los campos de f\u00fatbol Hermanos Mart\u00ednez Munuera, \u201catendiendo as\u00ed a la petici\u00f3n que han cursado la Concejal\u00eda de Deportes y los vecinos y usuarios de El Moralet\u201d. Justamente el concejal de Deportes, Javi Jord\u00e1, que esta ma\u00f1ana ha visitado la zona donde se est\u00e1n instalando los elementos gimn\u00e1sticos, ha explicado que son \u201cpeque\u00f1as actuaciones, pero muy importantes ya que ampl\u00edan los recursos disponibles para la promoci\u00f3n del deporte y los h\u00e1bitos saludables y de los que, adem\u00e1s, se benefician personas de todas las edades\u201d.<\/p>  <p>Adem\u00e1s de la creaci\u00f3n de nuevos espacios de ocio como es este caso, el edil de Parques y Jardines, ha indicado por su parte que las intervenciones \u201clas llevamos a cabo en todos los barrios porque son una prioridad para este gobierno\u201d. Gonz\u00e1lez de Z\u00e1rate ha insistido en que el Ayuntamiento \u201ccontinuar\u00e1 mejorando estas zonas que son muy demandadas y sobre las que los vecinos nos piden que actuemos\u201d.<\/p>  <p>Benidorm, ha continuado el concejal, \u201ces una ciudad con un n\u00famero importante de parques y zonas verdes distribuidas por todos los barrios; espacios que tienen un uso intensivo y que en muchos casos tienen 20 o 25 a\u00f1os por lo que necesitan ir renovando sus elementos\u201d. \u201cY eso es lo que hacemos y vamos a seguir haciendo: poner al d\u00eda todos nuestros parques para que tanto las zonas infantiles como de biosaludables y gimnasios al aire libre est\u00e9n en el mejor estado para nuestra poblaci\u00f3n m\u00e1s joven y m\u00e1s mayor\u201d ha concluido. <\/p> ","protected":false},"excerpt":{"rendered":"<p>Gonz\u00e1lez de Z\u00e1rate y Javier Jord\u00e1 destacan que son \u201cpeque\u00f1as actuaciones, pero muy importantes, que benefician a personas de todas las edades\u201d<\/p>\n","protected":false},"author":0,"featured_media":21040,"comment_status":"","ping_status":"open","sticky":false,"template":"","format":"standard","meta":{"_acf_changed":false,"footnotes":""},"categories":[1],"tags":[],"class_list":["post-21039","post","type-post","status-publish","format-standard","has-post-thumbnail","hentry","category-sin-categoria"],"acf":{"ser_id":"3O6KGXNU7VAM3EXO3UPFVFJCWQ","ser_url":"https:\/\/cadenaser.com\/comunitat-valenciana\/2025\/12\/23\/benidorm-incorpora-un-gimnasio-al-aire-libre-en-el-parque-de-el-moralet-radio-benidorm\/"},"_links":{"self":[{"href":"https:\/\/serbenidorm.daliisolutions.com\/index.php\/wp-json\/wp\/v2\/posts\/21039","targetHints":{"allow":["GET"]}}],"collection":[{"href":"https:\/\/serbenidorm.daliisolutions.com\/index.php\/wp-json\/wp\/v2\/posts"}],"about":[{"href":"https:\/\/serbenidorm.daliisolutions.com\/index.php\/wp-json\/wp\/v2\/types\/post"}],"replies":[{"embeddable":true,"href":"https:\/\/serbenidorm.daliisolutions.com\/index.php\/wp-json\/wp\/v2\/comments?post=21039"}],"version-history":[{"count":0,"href":"https:\/\/serbenidorm.daliisolutions.com\/index.php\/wp-json\/wp\/v2\/posts\/21039\/revisions"}],"wp:featuredmedia":[{"embeddable":true,"href":"https:\/\/serbenidorm.daliisolutions.com\/index.php\/wp-json\/wp\/v2\/media\/21040"}],"wp:attachment":[{"href":"https:\/\/serbenidorm.daliisolutions.com\/index.php\/wp-json\/wp\/v2\/media?parent=21039"}],"wp:term":[{"taxonomy":"category","embeddable":true,"href":"https:\/\/serbenidorm.daliisolutions.com\/index.php\/wp-json\/wp\/v2\/categories?post=21039"},{"taxonomy":"post_tag","embeddable":true,"href":"https:\/\/serbenidorm.daliisolutions.com\/index.php\/wp-json\/wp\/v2\/tags?post=21039"}],"curies":[{"name":"wp","href":"https:\/\/api.w.org\/{rel}","templated":true}]}}