{"id":21041,"date":"2025-12-23T14:14:20","date_gmt":"2025-12-23T13:14:20","guid":{"rendered":"https:\/\/serbenidorm.daliisolutions.com\/index.php\/2025\/12\/23\/finestrat-reorganiza-el-gobierno-local-y-crea-por-primera-vez-la-concejalia-de-proteccion-animal\/"},"modified":"2025-12-23T14:14:20","modified_gmt":"2025-12-23T13:14:20","slug":"finestrat-reorganiza-el-gobierno-local-y-crea-por-primera-vez-la-concejalia-de-proteccion-animal","status":"publish","type":"post","link":"https:\/\/serbenidorm.daliisolutions.com\/index.php\/2025\/12\/23\/finestrat-reorganiza-el-gobierno-local-y-crea-por-primera-vez-la-concejalia-de-proteccion-animal\/","title":{"rendered":"Finestrat reorganiza el gobierno local y crea por primera vez la Concejal\u00eda de Protecci\u00f3n Animal"},"content":{"rendered":" <p>La alcaldesa de Finestrat, Nati Algado, ha anunciado una remodelaci\u00f3n de las competencias del gobierno local coincidiendo con el inicio de una nueva etapa municipal tras asumir la Alcald\u00eda y la incorporaci\u00f3n de un nuevo concejal al equipo de gobierno, Salvador Mart\u00ednez Va\u00f1o. La reorganizaci\u00f3n supone una redistribuci\u00f3n de \u00e1reas ya existentes y la creaci\u00f3n de nuevas concejal\u00edas que refuerzan la estructura municipal y ampl\u00edan el alcance de la acci\u00f3n de gobierno.<\/p>  <p>Entre las principales novedades destaca la creaci\u00f3n, por primera vez en Finestrat, de una Concejal\u00eda de Protecci\u00f3n Animal, una iniciativa pionera en el municipio y alineada con la sensibilidad social y los Objetivos de Desarrollo Sostenible. Esta nueva \u00e1rea ser\u00e1 asumida por Estela \u00c1lvarez, actual responsable de Medio Ambiente y Agenda 2030, con el objetivo de fomentar la educaci\u00f3n, la concienciaci\u00f3n y la responsabilidad hacia las mascotas y los animales en general.<\/p>  <p>Junto a esta novedad, el gobierno local incorpora tambi\u00e9n el \u00e1rea de Participaci\u00f3n Ciudadana, que ser\u00e1 gestionada por Donna R. Plummer, concejala de Residentes de Otras Nacionalidades. Seg\u00fan ha explicado la alcaldesa, esta concejal\u00eda nace con la vocaci\u00f3n de reforzar el contacto directo entre el Ayuntamiento y la poblaci\u00f3n, favoreciendo la implicaci\u00f3n vecinal en la vida municipal.<\/p>  <p>Otra de las \u00e1reas de nueva creaci\u00f3n es Infancia, que se integra junto a Juventud para conformar la Concejal\u00eda de Infancia y Juventud, bajo la responsabilidad de Sara Llorca. Tal y como ha se\u00f1alado Nati Algado, esta uni\u00f3n responde a la necesidad de trabajar desde edades tempranas y dar continuidad a las pol\u00edticas dirigidas a ni\u00f1os, ni\u00f1as y adolescentes, reforzando adem\u00e1s la coordinaci\u00f3n con los centros educativos y con el futuro instituto del municipio.<\/p>  <p>En el \u00e1mbito festivo, la actual Concejal\u00eda de Fiestas pasa a denominarse Tradiciones y Fiestas, tambi\u00e9n gestionada por Sara Llorca, con la finalidad de impulsar y poner en valor las tradiciones, la cultura popular y las celebraciones arraigadas que forman parte del patrimonio inmaterial de Finestrat.<\/p>  <p>La remodelaci\u00f3n incluye tambi\u00e9n ajustes en distintas delegaciones. H\u00e9ctor Bald\u00f3 ampl\u00eda sus responsabilidades y asume las \u00e1reas de Cultura, Biblioteca y Archivo Municipal, mientras que Beatriz Quintill\u00e1n suma a sus competencias el \u00e1rea de Modernizaci\u00f3n y Nuevas Tecnolog\u00edas, reforzando la apuesta por la digitalizaci\u00f3n de los servicios municipales.<\/p>  <p>Por su parte, M\u00aa Teresa P\u00e9rez incorpora Igualdad a sus \u00e1reas de Servicios Sociales y Tercera Edad, Tom\u00e1s Sell\u00e9s asume Parques y Jardines junto a sus responsabilidades en limpieza y servicios t\u00e9cnicos, y el nuevo concejal Salvador Mart\u00ednez Va\u00f1o pasa a encargarse de los parkings municipales y el cementerio.<\/p>  <p>La alcaldesa Nati Algado mantendr\u00e1 de forma directa las \u00e1reas de Empleo, Formaci\u00f3n, Comunicaci\u00f3n y Sanidad. V\u00edctor Dar\u00edo Llinares refuerza su papel como primer teniente de alcalde y portavoz del gobierno, con competencias en Urbanismo, Patrimonio, Aperturas y Actividades. Guillermo Lloret continuar\u00e1 al frente de Hacienda, Contrataci\u00f3n y Obras P\u00fablicas como tercer teniente de alcalde, mientras que Donna R. Plummer asume la segunda tenencia de alcald\u00eda junto a sus \u00e1reas de Comercio, Turismo y Participaci\u00f3n Ciudadana.<\/p>  <p><\/p> ","protected":false},"excerpt":{"rendered":"<p>La alcaldesa Nati Algado redistribuye competencias e impulsa nuevas \u00e1reas como Participaci\u00f3n Ciudadana e Infancia y Juventud<\/p>\n","protected":false},"author":0,"featured_media":21042,"comment_status":"","ping_status":"open","sticky":false,"template":"","format":"standard","meta":{"_acf_changed":false,"footnotes":""},"categories":[1],"tags":[],"class_list":["post-21041","post","type-post","status-publish","format-standard","has-post-thumbnail","hentry","category-sin-categoria"],"acf":{"ser_id":"AQQY5TCTANGXVHNFGUNVLYQFZI","ser_url":"https:\/\/cadenaser.com\/comunitat-valenciana\/2025\/12\/23\/finestrat-reorganiza-el-gobierno-local-y-crea-por-primera-vez-la-concejalia-de-proteccion-animal-radio-benidorm\/"},"_links":{"self":[{"href":"https:\/\/serbenidorm.daliisolutions.com\/index.php\/wp-json\/wp\/v2\/posts\/21041","targetHints":{"allow":["GET"]}}],"collection":[{"href":"https:\/\/serbenidorm.daliisolutions.com\/index.php\/wp-json\/wp\/v2\/posts"}],"about":[{"href":"https:\/\/serbenidorm.daliisolutions.com\/index.php\/wp-json\/wp\/v2\/types\/post"}],"replies":[{"embeddable":true,"href":"https:\/\/serbenidorm.daliisolutions.com\/index.php\/wp-json\/wp\/v2\/comments?post=21041"}],"version-history":[{"count":0,"href":"https:\/\/serbenidorm.daliisolutions.com\/index.php\/wp-json\/wp\/v2\/posts\/21041\/revisions"}],"wp:featuredmedia":[{"embeddable":true,"href":"https:\/\/serbenidorm.daliisolutions.com\/index.php\/wp-json\/wp\/v2\/media\/21042"}],"wp:attachment":[{"href":"https:\/\/serbenidorm.daliisolutions.com\/index.php\/wp-json\/wp\/v2\/media?parent=21041"}],"wp:term":[{"taxonomy":"category","embeddable":true,"href":"https:\/\/serbenidorm.daliisolutions.com\/index.php\/wp-json\/wp\/v2\/categories?post=21041"},{"taxonomy":"post_tag","embeddable":true,"href":"https:\/\/serbenidorm.daliisolutions.com\/index.php\/wp-json\/wp\/v2\/tags?post=21041"}],"curies":[{"name":"wp","href":"https:\/\/api.w.org\/{rel}","templated":true}]}}