{"id":21047,"date":"2025-12-23T15:05:57","date_gmt":"2025-12-23T14:05:57","guid":{"rendered":"https:\/\/serbenidorm.daliisolutions.com\/index.php\/2025\/12\/23\/marcos-zaragoza-con-el-puente-del-amadorio-vamos-a-sufrir-pero-el-resultado-va-a-ser-espectacular\/"},"modified":"2025-12-23T15:05:57","modified_gmt":"2025-12-23T14:05:57","slug":"marcos-zaragoza-con-el-puente-del-amadorio-vamos-a-sufrir-pero-el-resultado-va-a-ser-espectacular","status":"publish","type":"post","link":"https:\/\/serbenidorm.daliisolutions.com\/index.php\/2025\/12\/23\/marcos-zaragoza-con-el-puente-del-amadorio-vamos-a-sufrir-pero-el-resultado-va-a-ser-espectacular\/","title":{"rendered":"Marcos Zaragoza: \u201cCon el puente del Amadorio vamos a sufrir, pero el resultado va a ser espectacular\u201d"},"content":{"rendered":" <p>El alcalde de la Vila Joiosa, Marcos Zaragoza, ha anunciado el arranque de cuatro grandes proyectos en enero de 2026 como son la ampliaci\u00f3n del puente sobre el Amadorio, las rotondas de acceso al IES Marcos Zaragoza o zona de Talaies y la mejora de al calle Cervantes. Zaragoza ha dado los detalles de estos proyectos en un desayuno con los medios de comunicaci\u00f3n para hacer balance de 2026 y presentar los proyectos del pr\u00f3ximo ejercicio. <\/p>  <p>El alcalde asegura que este 2025 ha sido un a\u00f1o en el que se ha trabajado con una estrategia \u201cclara y predefinida\u201d, y en el que se puesto en marcha numerosos proyectos que, a su juicio, est\u00e1n sentando las bases del cambio que experimentar\u00e1 la ciudad en los pr\u00f3ximos a\u00f1os. <\/p>  <p>Uno de los proyectos que m\u00e1s criticas le ha reportado al gobierno pero que, a juicio de Zaragoza, supondr\u00e1 un antes y un despu\u00e9s en la vertebraci\u00f3n del municipio es la renovaci\u00f3n y ampliaci\u00f3n del puente sobre el rio Amadorio. Se trata de una de las actuaciones m\u00e1s complejas y pol\u00e9micas que comenzar\u00e1 en enero de 2026. El alcalde ha reconocido que se trata de una obra \u201cinc\u00f3moda\u201d que provocar\u00e1 cortes y dificultades de movilidad, ya que se trata del \u00fanico paso existente, pero ha defendido la decisi\u00f3n de paralizar el proyecto inicial para redactar uno nuevo, m\u00e1s ambicioso y acorde a un proyecto de ciudad. \u201cSabemos que vamos a sufrir, pero vamos a ir a por todas\u201d, ha afirmado.<\/p>  <p>Zaragoza ha explicado que el nuevo dise\u00f1o permitir\u00e1 ampliar de forma notable las aceras, modernizar las luminarias y dotar al puente de una imagen m\u00e1s vanguardista y funcional. La actuaci\u00f3n, con una inversi\u00f3n cercana al mill\u00f3n de euros y un plazo estimado de cinco meses, pretende estar finalizada antes del verano y convertirse en una infraestructura ic\u00f3nica para una zona de paso clave tanto para peatones como para veh\u00edculos y ciclistas.<\/p>  <p>Otro de los aspectos destacados ha sido la defensa del pr\u00e9stamo de casi 24 millones de euros contratado por el Ayuntamiento, una decisi\u00f3n que ha generado cr\u00edticas pero que el alcalde considera necesaria para poder ejecutar inversiones plurianuales. Zaragoza ha subrayado que la operaci\u00f3n se ha realizado con criterios de prudencia financiera, a 28 a\u00f1os, y ha asegurado que los remanentes positivos permitir\u00e1n amortizar el pr\u00e9stamo en un plazo inferior a diez a\u00f1os. \u201cSon inversiones productivas, con un retorno important\u00edsimo para el municipio\u201d, ha se\u00f1alado.<\/p>  <p>Entre esas inversiones financiadas se encuentran proyectos como la futura Casa de la M\u00fasica, el plan de aperturas de viales, actuaciones contra inundaciones y otras infraestructuras estrat\u00e9gicas. <\/p>  <p>De cara a 2026, Zaragoza ha avanzado el inicio de varias actuaciones clave en materia de movilidad, como la rotonda de acceso al pol\u00edgono industrial del PP-32, la nueva rotonda y paso subterr\u00e1neo de acceso al IES Marcos Zaragoza y a los planes parciales PP-9 y PP-10, as\u00ed como el bulevar que conectar\u00e1 la rotonda sur con la nueva glorieta. A estas actuaciones se suman mejoras urbanas como las previstas en el Parque del Censal, que contribuir\u00e1n a mejorar la calidad de vida de los vecinos.<\/p>  <p>En el \u00e1mbito cultural y patrimonial, el alcalde ha confirmado avances en proyectos como las fases IV y V de las Termas de Allon y la redacci\u00f3n del proyecto de la Casa de la M\u00fasica, iniciativas que considera ya una realidad gracias a la planificaci\u00f3n econ\u00f3mica realizada. Zaragoza ha concluido deseando salud para 2026 y apelando a la templanza colectiva para seguir desarrollando unos proyectos que, seg\u00fan ha afirmado, \u201cvan a transformar la Vila en los pr\u00f3ximos dos a\u00f1os\u201d.<\/p> ","protected":false},"excerpt":{"rendered":"<p>El alcalde de la Vila Joiosa destaca el arranque de obras como las rotondas del IES Marzos Zaragoza o Talaies y mejoras en viales para enero de 2026<\/p>\n","protected":false},"author":0,"featured_media":21048,"comment_status":"","ping_status":"open","sticky":false,"template":"","format":"standard","meta":{"_acf_changed":false,"footnotes":""},"categories":[1],"tags":[],"class_list":["post-21047","post","type-post","status-publish","format-standard","has-post-thumbnail","hentry","category-sin-categoria"],"acf":{"ser_id":"AG3RHNBMINAMHHR7RIYIM3NX3U","ser_url":"https:\/\/cadenaser.com\/comunitat-valenciana\/2025\/12\/23\/marcos-zaragoza-con-el-puente-del-amadorio-vamos-a-sufrir-pero-el-resultado-va-a-ser-espectacular-radio-benidorm\/"},"_links":{"self":[{"href":"https:\/\/serbenidorm.daliisolutions.com\/index.php\/wp-json\/wp\/v2\/posts\/21047","targetHints":{"allow":["GET"]}}],"collection":[{"href":"https:\/\/serbenidorm.daliisolutions.com\/index.php\/wp-json\/wp\/v2\/posts"}],"about":[{"href":"https:\/\/serbenidorm.daliisolutions.com\/index.php\/wp-json\/wp\/v2\/types\/post"}],"replies":[{"embeddable":true,"href":"https:\/\/serbenidorm.daliisolutions.com\/index.php\/wp-json\/wp\/v2\/comments?post=21047"}],"version-history":[{"count":0,"href":"https:\/\/serbenidorm.daliisolutions.com\/index.php\/wp-json\/wp\/v2\/posts\/21047\/revisions"}],"wp:featuredmedia":[{"embeddable":true,"href":"https:\/\/serbenidorm.daliisolutions.com\/index.php\/wp-json\/wp\/v2\/media\/21048"}],"wp:attachment":[{"href":"https:\/\/serbenidorm.daliisolutions.com\/index.php\/wp-json\/wp\/v2\/media?parent=21047"}],"wp:term":[{"taxonomy":"category","embeddable":true,"href":"https:\/\/serbenidorm.daliisolutions.com\/index.php\/wp-json\/wp\/v2\/categories?post=21047"},{"taxonomy":"post_tag","embeddable":true,"href":"https:\/\/serbenidorm.daliisolutions.com\/index.php\/wp-json\/wp\/v2\/tags?post=21047"}],"curies":[{"name":"wp","href":"https:\/\/api.w.org\/{rel}","templated":true}]}}