{"id":21067,"date":"2025-12-24T13:26:27","date_gmt":"2025-12-24T12:26:27","guid":{"rendered":"https:\/\/serbenidorm.daliisolutions.com\/index.php\/2025\/12\/24\/la-sede-del-pp-de-finestrat-amanece-con-pintadas-en-su-fachada\/"},"modified":"2025-12-24T13:26:27","modified_gmt":"2025-12-24T12:26:27","slug":"la-sede-del-pp-de-finestrat-amanece-con-pintadas-en-su-fachada","status":"publish","type":"post","link":"https:\/\/serbenidorm.daliisolutions.com\/index.php\/2025\/12\/24\/la-sede-del-pp-de-finestrat-amanece-con-pintadas-en-su-fachada\/","title":{"rendered":"La sede del PP de Finestrat amanece con pintadas en su fachada"},"content":{"rendered":" <p>El secretario general del Partido Popular de la Comunitat Valenciana (PPCV), Carlos Gil, ha condenado de forma contundente los ataques vand\u00e1licos sufridos durante la pasada noche en la sede del PP en la localidad de Finestrat, lugar de residencia del nuevo president de la Generalit, Juanfran P\u00e9rez Llorca; unos hechos que ha calificado como \u201cintolerables en plena democracia\u201d.<\/p>  <p>Seg\u00fan ha se\u00f1alado Gil, los da\u00f1os registrados en la sede popular responden a \u201cactos vand\u00e1licos que nacen del odio que el independentismo catal\u00e1n tiene hacia todo lo valenciano y hacia nuestra defensa de las se\u00f1as de identidad propias\u201d. El dirigente popular ha mostrado su preocupaci\u00f3n por la reiteraci\u00f3n de este tipo de ataques en distintos puntos de la Comunitat Valenciana.<\/p>  <p>El secretario general del PPCV ha recordado que no se trata de un hecho aislado, sino de una situaci\u00f3n que el partido ha sufrido en varias de sus sedes durante el \u00faltimo a\u00f1o. \u201cSon ataques intolerables que no tienen cabida en una sociedad democr\u00e1tica y plural\u201d, ha subrayado.<\/p>  <p>Carlos Gil ha querido dejar claro que, pese a lo ocurrido, desde el Partido Popular de la Comunitat Valenciana no se va a contribuir \u201cni a la polarizaci\u00f3n ni al odio\u201d, asegurando que ese es precisamente \u201cel objetivo que persiguen estos radicales\u201d.<\/p>  <p>Ante estos hechos, el secretario general del PPCV ha reclamado una condena clara y sin matices por parte de todas las formaciones pol\u00edticas de la Comunitat Valenciana. Adem\u00e1s, ha instado a realizar una reflexi\u00f3n profunda sobre el clima social y pol\u00edtico actual. \u201cSituaciones como esta deber\u00edan llevarnos a pensar en el camino que queremos seguir como sociedad para acabar con la crispaci\u00f3n\u201d, ha concluido.<\/p> ","protected":false},"excerpt":{"rendered":"<p>Carlos Gil denuncia \u201cactos de odio\u201d y reclama una condena un\u00e1nime de todas las fuerzas pol\u00edticas<\/p>\n","protected":false},"author":0,"featured_media":21068,"comment_status":"","ping_status":"open","sticky":false,"template":"","format":"standard","meta":{"_acf_changed":false,"footnotes":""},"categories":[1],"tags":[],"class_list":["post-21067","post","type-post","status-publish","format-standard","has-post-thumbnail","hentry","category-sin-categoria"],"acf":{"ser_id":"XXHFL7CVW5E4ZDZTTKAGGISGEQ","ser_url":"https:\/\/cadenaser.com\/comunitat-valenciana\/2025\/12\/24\/la-sede-del-pp-de-finestrat-amanece-con-pintadas-en-su-fachada-radio-benidorm\/"},"_links":{"self":[{"href":"https:\/\/serbenidorm.daliisolutions.com\/index.php\/wp-json\/wp\/v2\/posts\/21067","targetHints":{"allow":["GET"]}}],"collection":[{"href":"https:\/\/serbenidorm.daliisolutions.com\/index.php\/wp-json\/wp\/v2\/posts"}],"about":[{"href":"https:\/\/serbenidorm.daliisolutions.com\/index.php\/wp-json\/wp\/v2\/types\/post"}],"replies":[{"embeddable":true,"href":"https:\/\/serbenidorm.daliisolutions.com\/index.php\/wp-json\/wp\/v2\/comments?post=21067"}],"version-history":[{"count":0,"href":"https:\/\/serbenidorm.daliisolutions.com\/index.php\/wp-json\/wp\/v2\/posts\/21067\/revisions"}],"wp:featuredmedia":[{"embeddable":true,"href":"https:\/\/serbenidorm.daliisolutions.com\/index.php\/wp-json\/wp\/v2\/media\/21068"}],"wp:attachment":[{"href":"https:\/\/serbenidorm.daliisolutions.com\/index.php\/wp-json\/wp\/v2\/media?parent=21067"}],"wp:term":[{"taxonomy":"category","embeddable":true,"href":"https:\/\/serbenidorm.daliisolutions.com\/index.php\/wp-json\/wp\/v2\/categories?post=21067"},{"taxonomy":"post_tag","embeddable":true,"href":"https:\/\/serbenidorm.daliisolutions.com\/index.php\/wp-json\/wp\/v2\/tags?post=21067"}],"curies":[{"name":"wp","href":"https:\/\/api.w.org\/{rel}","templated":true}]}}