{"id":2108,"date":"2024-02-07T10:50:13","date_gmt":"2024-02-07T09:50:13","guid":{"rendered":"https:\/\/serbenidorm.daliisolutions.com\/index.php\/2024\/02\/07\/felipe-orts-arranca-en-maldegem-la-antepenultima-prueba-del-invierno\/"},"modified":"2024-02-07T10:50:13","modified_gmt":"2024-02-07T09:50:13","slug":"felipe-orts-arranca-en-maldegem-la-antepenultima-prueba-del-invierno","status":"publish","type":"post","link":"https:\/\/serbenidorm.daliisolutions.com\/index.php\/2024\/02\/07\/felipe-orts-arranca-en-maldegem-la-antepenultima-prueba-del-invierno\/","title":{"rendered":"Felipe Orts arranca en Maldegem la antepen\u00faltima prueba del invierno"},"content":{"rendered":"  <p>Benidorm<\/p>   <p>S\u00f3lo tres d\u00edas despu\u00e9s de haber conseguido en la localidad checa de T\u00e1bor <a href=\"https:\/\/cadenaser.com\/comunitat-valenciana\/2024\/02\/05\/felipe-orts-cierra-su-ano-magico-con-el-top10-mundialista-radio-benidorm\/\" target=\"_blank\" rel=\"noopener\">su primer top10 mundialista en la categor\u00eda \u00c9lite<\/a>, el ciclista del equipo La Vila Joiosa-N\u00e9teo <a href=\"https:\/\/cadenaser.com\/tag\/felipe_orts_lloret\/a\/\" target=\"_blank\" rel=\"noopener\">Felipe Orts<\/a> volver\u00e1 a ponerse un dorsal este mi\u00e9rcoles con motivo del \u2018Parkcross\u2019 de Maldegem (B\u00e9lgica).<\/p>  <p><p>M\u00e1s informaci\u00f3n<\/p><figure><img decoding=\"async\" src=\"https:\/\/cadenaser.com\/resizer\/MgRav6iHzf2mU1MvFwgB0CUs5Gg=\/650x366\/filters:quality(70)\/cloudfront-eu-central-1.images.arcpublishing.com\/prisaradio\/NVQ4L3TJGNCXDAD2O2ELZUIBOI.jpeg\" loading=\"lazy\" width=\"828\" height=\"621\" \/><\/figure><ul><li><a href=\"https:\/\/cadenaser.com\/comunitat-valenciana\/2024\/02\/05\/felipe-orts-cierra-su-ano-magico-con-el-top10-mundialista-radio-benidorm\/\">Felipe Orts cierra su a\u00f1o m\u00e1gico con el top10 mundialista<\/a><\/li><\/ul><\/p>   <p>Esta prueba ser\u00e1 la primera de las tres que dispute el vilero esta semana para poner el punto y final a su temporada invernal y antes de tomarse un muy breve descanso para arrancar el curso en la especialidad de bicicleta de monta\u00f1a.<\/p>   <p>En Maldegem, el de La Vila Joiosa-N\u00e9teo se enfrentar\u00e1 a un trazado corto muy r\u00e1pido entre caminos forestales. El circuito contar\u00e1 tambi\u00e9n con sectores de arena, un puente, unos escalones y varias zonas t\u00e9cnicas. En la temporada pasada, el seis veces campe\u00f3n de Espa\u00f1a no pudo acabar la carrera y afronta este nuevo reto como una oportunidad para resarcirse y superar su mejor resultado en esta prueba hasta la fecha, una sexta plaza en 2022.<\/p> ","protected":false},"excerpt":{"rendered":"<p>El ciclista de La Vila Joiosa afronta esta semana sus tres \u00faltimas citas antes de centrarse en la bici de monta\u00f1a<\/p>\n","protected":false},"author":0,"featured_media":2109,"comment_status":"open","ping_status":"open","sticky":false,"template":"","format":"standard","meta":{"_acf_changed":false,"footnotes":""},"categories":[16],"tags":[],"class_list":["post-2108","post","type-post","status-publish","format-standard","has-post-thumbnail","hentry","category-deportes"],"acf":{"ser_id":"CFL63Y5PVJA5VMHDSHBAHI2TOU","ser_url":"https:\/\/cadenaser.com\/comunitat-valenciana\/2024\/02\/07\/felipe-orts-arranca-en-maldegem-la-antepenultima-prueba-del-invierno-radio-benidorm\/"},"_links":{"self":[{"href":"https:\/\/serbenidorm.daliisolutions.com\/index.php\/wp-json\/wp\/v2\/posts\/2108","targetHints":{"allow":["GET"]}}],"collection":[{"href":"https:\/\/serbenidorm.daliisolutions.com\/index.php\/wp-json\/wp\/v2\/posts"}],"about":[{"href":"https:\/\/serbenidorm.daliisolutions.com\/index.php\/wp-json\/wp\/v2\/types\/post"}],"replies":[{"embeddable":true,"href":"https:\/\/serbenidorm.daliisolutions.com\/index.php\/wp-json\/wp\/v2\/comments?post=2108"}],"version-history":[{"count":0,"href":"https:\/\/serbenidorm.daliisolutions.com\/index.php\/wp-json\/wp\/v2\/posts\/2108\/revisions"}],"wp:featuredmedia":[{"embeddable":true,"href":"https:\/\/serbenidorm.daliisolutions.com\/index.php\/wp-json\/wp\/v2\/media\/2109"}],"wp:attachment":[{"href":"https:\/\/serbenidorm.daliisolutions.com\/index.php\/wp-json\/wp\/v2\/media?parent=2108"}],"wp:term":[{"taxonomy":"category","embeddable":true,"href":"https:\/\/serbenidorm.daliisolutions.com\/index.php\/wp-json\/wp\/v2\/categories?post=2108"},{"taxonomy":"post_tag","embeddable":true,"href":"https:\/\/serbenidorm.daliisolutions.com\/index.php\/wp-json\/wp\/v2\/tags?post=2108"}],"curies":[{"name":"wp","href":"https:\/\/api.w.org\/{rel}","templated":true}]}}