{"id":21097,"date":"2025-12-26T11:59:41","date_gmt":"2025-12-26T10:59:41","guid":{"rendered":"https:\/\/serbenidorm.daliisolutions.com\/index.php\/2025\/12\/26\/altea-implantara-en-2026-la-recogida-separada-de-la-fraccion-organica\/"},"modified":"2025-12-26T11:59:41","modified_gmt":"2025-12-26T10:59:41","slug":"altea-implantara-en-2026-la-recogida-separada-de-la-fraccion-organica","status":"publish","type":"post","link":"https:\/\/serbenidorm.daliisolutions.com\/index.php\/2025\/12\/26\/altea-implantara-en-2026-la-recogida-separada-de-la-fraccion-organica\/","title":{"rendered":"Altea implantar\u00e1 en 2026 la recogida separada de la fracci\u00f3n org\u00e1nica"},"content":{"rendered":" <p>El Ayuntamiento de Altea ha culminado con \u00e9xito la ejecuci\u00f3n y justificaci\u00f3n, dentro del plazo establecido, de la subvenci\u00f3n obtenida para la implantaci\u00f3n de la recogida separada del bioresiduo, una actuaci\u00f3n estrat\u00e9gica que refuerza el compromiso municipal con la sostenibilidad, la correcta gesti\u00f3n de los recursos p\u00fablicos y el cumplimiento riguroso de los requisitos asociados a los fondos europeos.<\/p>  <p>La actuaci\u00f3n ha sido posible gracias a una subvenci\u00f3n de 657.000 euros, concedida en el marco del Plan de Recuperaci\u00f3n, Transformaci\u00f3n y Resiliencia y financiada con fondos europeos. La totalidad de la inversi\u00f3n vinculada a esta ayuda ha sido ejecutada conforme al proyecto aprobado y correctamente justificada dentro del plazo establecido, garantizando as\u00ed la adecuada aplicaci\u00f3n de los recursos p\u00fablicos y evitando cualquier riesgo de reintegro.<\/p>  <p>La recogida diferenciada del bioresiduo constituye una pieza fundamental del nuevo modelo de gesti\u00f3n de residuos, ya que esta fracci\u00f3n representa aproximadamente el 50% del contenido de la bolsa de basura dom\u00e9stica. Su correcta separaci\u00f3n permitir\u00e1 reducir de forma significativa el volumen de residuos destinados a vertedero y avanzar en el cumplimiento de los objetivos legales en materia de reciclaje y econom\u00eda circular. As\u00ed lo ha explicado el concejal de Medio Ambiente, Jos\u00e9 Orozco, quien ha subrayado la importancia estrat\u00e9gica de esta actuaci\u00f3n para el futuro del municipio.<\/p>  <p>Seg\u00fan ha detallado Orozco, gracias a esta subvenci\u00f3n el Ayuntamiento ha realizado una inversi\u00f3n total de 702.450,74 euros, IVA incluido, destinada a dotar a Altea de los medios necesarios para una implantaci\u00f3n planificada y eficaz del nuevo sistema. La actuaci\u00f3n ha permitido incorporar recursos materiales y t\u00e9cnicos, as\u00ed como apostar por soluciones alineadas con la reducci\u00f3n de emisiones y la eficiencia energ\u00e9tica, reforzando al mismo tiempo las acciones de informaci\u00f3n y educaci\u00f3n ambiental dirigidas a la ciudadan\u00eda.<\/p>  <p>La puesta en marcha del sistema de recogida del bioresiduo se realizar\u00e1 de forma progresiva durante el primer semestre de 2026. En una primera fase, el servicio se iniciar\u00e1 con los grandes generadores, como los establecimientos de restauraci\u00f3n y aquellas actividades econ\u00f3micas con una elevada producci\u00f3n de residuos org\u00e1nicos. Posteriormente, se extender\u00e1 al conjunto de la poblaci\u00f3n mediante la instalaci\u00f3n de contenedores de fracci\u00f3n org\u00e1nica con control de acceso en la v\u00eda p\u00fablica, adaptando el modelo a las distintas zonas del municipio.<\/p>  <p>Tal y como ha se\u00f1alado la responsable municipal de Infraestructuras y Empresa P\u00fablica, Aurora Serrat, este despliegue gradual permitir\u00e1 ajustar el servicio, reforzar las acciones de informaci\u00f3n y educaci\u00f3n ambiental y garantizar una correcta separaci\u00f3n del bioresiduo desde el inicio, favoreciendo un uso responsable del sistema por parte de la ciudadan\u00eda.<\/p>  <p>Por su parte, el alcalde de Altea, Diego Zaragoz\u00ed, ha destacado que con esta actuaci\u00f3n el Ayuntamiento consolida su compromiso con la sostenibilidad, la mejora de los \u00edndices de recogida selectiva y el cumplimiento de los objetivos marcados por la legislaci\u00f3n en materia de residuos. En este sentido, ha subrayado que Altea contin\u00faa avanzando hacia un modelo de gesti\u00f3n m\u00e1s eficiente, responsable y respetuoso con el medio ambiente, alineado con las pol\u00edticas europeas y las necesidades reales del municipio.<\/p> ","protected":false},"excerpt":{"rendered":"<p>El Ayuntamiento ejecuta y justifica en plazo una subvenci\u00f3n de 657.000 euros para avanzar en un modelo de gesti\u00f3n de residuos m\u00e1s sostenible y eficiente<\/p>\n","protected":false},"author":0,"featured_media":21098,"comment_status":"","ping_status":"open","sticky":false,"template":"","format":"standard","meta":{"_acf_changed":false,"footnotes":""},"categories":[1],"tags":[],"class_list":["post-21097","post","type-post","status-publish","format-standard","has-post-thumbnail","hentry","category-sin-categoria"],"acf":{"ser_id":"3M54JZ476VH7FJRSCDBUDVS2UA","ser_url":"https:\/\/cadenaser.com\/comunitat-valenciana\/2025\/12\/26\/altea-implantara-en-2026-la-recogida-separada-de-la-fraccion-organica-radio-benidorm\/"},"_links":{"self":[{"href":"https:\/\/serbenidorm.daliisolutions.com\/index.php\/wp-json\/wp\/v2\/posts\/21097","targetHints":{"allow":["GET"]}}],"collection":[{"href":"https:\/\/serbenidorm.daliisolutions.com\/index.php\/wp-json\/wp\/v2\/posts"}],"about":[{"href":"https:\/\/serbenidorm.daliisolutions.com\/index.php\/wp-json\/wp\/v2\/types\/post"}],"replies":[{"embeddable":true,"href":"https:\/\/serbenidorm.daliisolutions.com\/index.php\/wp-json\/wp\/v2\/comments?post=21097"}],"version-history":[{"count":0,"href":"https:\/\/serbenidorm.daliisolutions.com\/index.php\/wp-json\/wp\/v2\/posts\/21097\/revisions"}],"wp:featuredmedia":[{"embeddable":true,"href":"https:\/\/serbenidorm.daliisolutions.com\/index.php\/wp-json\/wp\/v2\/media\/21098"}],"wp:attachment":[{"href":"https:\/\/serbenidorm.daliisolutions.com\/index.php\/wp-json\/wp\/v2\/media?parent=21097"}],"wp:term":[{"taxonomy":"category","embeddable":true,"href":"https:\/\/serbenidorm.daliisolutions.com\/index.php\/wp-json\/wp\/v2\/categories?post=21097"},{"taxonomy":"post_tag","embeddable":true,"href":"https:\/\/serbenidorm.daliisolutions.com\/index.php\/wp-json\/wp\/v2\/tags?post=21097"}],"curies":[{"name":"wp","href":"https:\/\/api.w.org\/{rel}","templated":true}]}}