{"id":21104,"date":"2025-12-26T13:42:32","date_gmt":"2025-12-26T12:42:32","guid":{"rendered":"https:\/\/serbenidorm.daliisolutions.com\/index.php\/2025\/12\/26\/los-mayorales-de-la-nucia-llevan-la-alta-cocina-a-casa-en-nochevieja\/"},"modified":"2025-12-26T13:42:32","modified_gmt":"2025-12-26T12:42:32","slug":"los-mayorales-de-la-nucia-llevan-la-alta-cocina-a-casa-en-nochevieja","status":"publish","type":"post","link":"https:\/\/serbenidorm.daliisolutions.com\/index.php\/2025\/12\/26\/los-mayorales-de-la-nucia-llevan-la-alta-cocina-a-casa-en-nochevieja\/","title":{"rendered":"Los mayorales de La Nuc\u00eda llevan la alta cocina a casa en Nochevieja"},"content":{"rendered":" <p>Los mayorales de las Festes d\u2019Agost de La Nuc\u00eda 2026 han puesto en marcha una original iniciativa gastron\u00f3mica para despedir el a\u00f1o que permitir\u00e1 disfrutar en casa de una cena de alta cocina con estrella Michelin. La propuesta consiste en un servicio especial de Nochevieja con un men\u00fa dise\u00f1ado por Esperanza Cano, chef del reconocido restaurante El Xato, distinguido con una estrella Michelin.<\/p>  <p>El presidente de los mayorales, Andreu Juan, ha explicado que el acuerdo alcanzado con la chef permitir\u00e1 ofrecer un men\u00fa completo compuesto por un entrante, un plato principal y un postre. El precio del men\u00fa ser\u00e1 de 33 euros, una cantidad que incluye adem\u00e1s una aportaci\u00f3n destinada a colaborar en la financiaci\u00f3n del programa de actos de las Festes d\u2019Agost de La Nuc\u00eda 2026.<\/p>  <p>La iniciativa tendr\u00e1 car\u00e1cter limitado, ya que se ofrecer\u00e1n un m\u00e1ximo de 150 men\u00fas, por lo que desde la organizaci\u00f3n recomiendan realizar la reserva cuanto antes. Las reservas podr\u00e1n efectuarse hasta el pr\u00f3ximo domingo 28 de diciembre en la carpa de los mayorales, ubicada en la Plaza Mayor, en horario de 16:30 a 20:00 horas. Los men\u00fas se recoger\u00e1n el 31 de diciembre a las 18:00 horas, listos para disfrutar en casa durante la \u00faltima noche del a\u00f1o.<\/p>  <p>Esta propuesta gastron\u00f3mica no sustituir\u00e1 la tradicional celebraci\u00f3n de Fin de A\u00f1o organizada por los mayorales, que volver\u00e1 a reunir a cientos de personas en la Plaza Mayor. Andreu Juan ha subrayado que la bienvenida a 2026 se celebrar\u00e1 con una gran fiesta popular que incluir\u00e1 una cena multitudinaria, tambi\u00e9n elaborada por El Xato, m\u00fasica, diversi\u00f3n y una barra con precios populares para seguir colaborando con las fiestas.<\/p>  <p>La programaci\u00f3n arrancar\u00e1 desde primera hora del d\u00eda. A las diez de la ma\u00f1ana se celebrar\u00e1 el tradicional almuerzo de Fin de A\u00f1o, seguido, a las doce del mediod\u00eda, del ensayo de las doce campanadas con gominolas. A las 13:00 horas tendr\u00e1 lugar la visita del Paje Real, que recoger\u00e1 las cartas destinadas a Sus Majestades los Reyes Magos de Oriente.<\/p>  <p>Ya a las 14:00 horas, los asistentes podr\u00e1n disfrutar de una comida popular con el \u2018putxero\u2019 como plato protagonista, que dar\u00e1 paso a una gran chocolatada para continuar la jornada festiva.<\/p>  <p>La noche de Fin de A\u00f1o incorporar\u00e1 adem\u00e1s una novedad destacada con la actuaci\u00f3n de la conocida orquesta Tokyo Band, que animar\u00e1 las horas previas a las campanadas. Tras la toma de las uvas, el cielo de La Nuc\u00eda se iluminar\u00e1 con un castillo de fuegos artificiales, poniendo el broche final a una intensa jornada festiva y dando la bienvenida al a\u00f1o 2026.<\/p> ","protected":false},"excerpt":{"rendered":"<p>Ofrecen un servicio \u2018delivery\u2019 con un men\u00fa elaborado por la chef con estrella Michelin Esperanza Cano para despedir 2025<\/p>\n","protected":false},"author":0,"featured_media":21105,"comment_status":"","ping_status":"open","sticky":false,"template":"","format":"standard","meta":{"_acf_changed":false,"footnotes":""},"categories":[1],"tags":[],"class_list":["post-21104","post","type-post","status-publish","format-standard","has-post-thumbnail","hentry","category-sin-categoria"],"acf":{"ser_id":"KTAPQ3DJIFCSXLZO4WG2TECVS4","ser_url":"https:\/\/cadenaser.com\/comunitat-valenciana\/2025\/12\/26\/los-mayorales-de-la-nucia-llevan-la-alta-cocina-a-casa-en-nochevieja-radio-benidorm\/"},"_links":{"self":[{"href":"https:\/\/serbenidorm.daliisolutions.com\/index.php\/wp-json\/wp\/v2\/posts\/21104","targetHints":{"allow":["GET"]}}],"collection":[{"href":"https:\/\/serbenidorm.daliisolutions.com\/index.php\/wp-json\/wp\/v2\/posts"}],"about":[{"href":"https:\/\/serbenidorm.daliisolutions.com\/index.php\/wp-json\/wp\/v2\/types\/post"}],"replies":[{"embeddable":true,"href":"https:\/\/serbenidorm.daliisolutions.com\/index.php\/wp-json\/wp\/v2\/comments?post=21104"}],"version-history":[{"count":0,"href":"https:\/\/serbenidorm.daliisolutions.com\/index.php\/wp-json\/wp\/v2\/posts\/21104\/revisions"}],"wp:featuredmedia":[{"embeddable":true,"href":"https:\/\/serbenidorm.daliisolutions.com\/index.php\/wp-json\/wp\/v2\/media\/21105"}],"wp:attachment":[{"href":"https:\/\/serbenidorm.daliisolutions.com\/index.php\/wp-json\/wp\/v2\/media?parent=21104"}],"wp:term":[{"taxonomy":"category","embeddable":true,"href":"https:\/\/serbenidorm.daliisolutions.com\/index.php\/wp-json\/wp\/v2\/categories?post=21104"},{"taxonomy":"post_tag","embeddable":true,"href":"https:\/\/serbenidorm.daliisolutions.com\/index.php\/wp-json\/wp\/v2\/tags?post=21104"}],"curies":[{"name":"wp","href":"https:\/\/api.w.org\/{rel}","templated":true}]}}