{"id":2111,"date":"2024-02-07T11:32:34","date_gmt":"2024-02-07T10:32:34","guid":{"rendered":"https:\/\/serbenidorm.daliisolutions.com\/index.php\/2024\/02\/07\/la-marina-baixa-sede-del-nacional-de-futbol-sala-femenino-sub-16-y-sub-19\/"},"modified":"2024-02-07T11:32:34","modified_gmt":"2024-02-07T10:32:34","slug":"la-marina-baixa-sede-del-nacional-de-futbol-sala-femenino-sub-16-y-sub-19","status":"publish","type":"post","link":"https:\/\/serbenidorm.daliisolutions.com\/index.php\/2024\/02\/07\/la-marina-baixa-sede-del-nacional-de-futbol-sala-femenino-sub-16-y-sub-19\/","title":{"rendered":"La Marina Baixa, sede del nacional de f\u00fatbol sala femenino Sub-16 y Sub-19"},"content":{"rendered":"  <p>Benidorm<\/p>   <p>El futuro del f\u00fatbol sala femenino nacional vivir\u00e1 una importante cita la pr\u00f3xima semana con la disputa del Campeonato de Espa\u00f1a por selecciones auton\u00f3micas en las categor\u00edas Sub-16 y Sub-19 en la Marina Baixa. En la competici\u00f3n se dar\u00e1n cita un total de 26 equipos (13 combinados auton\u00f3micos por categor\u00eda) reuniendo a algo m\u00e1s de 300 jugadoras que disputar\u00e1n la fase de grupos en La Nuc\u00eda y l\u2019Alf\u00e0s del Pi entre el martes y el jueves de la pr\u00f3xima semana.<\/p>   <p>Una vez completada esa primera ronda de la competici\u00f3n, la acci\u00f3n se trasladar\u00e1 al Palau d\u2019Esports l\u2019Illa de Benidorm, donde tendr\u00e1n lugar las semifinales, que se disputar\u00e1n el s\u00e1bado, 16 de febrero y las finales, que tendr\u00e1n que esperar al s\u00e1bado.<\/p> ","protected":false},"excerpt":{"rendered":"<p>La Nuc\u00eda y l\u2019Alf\u00e0s del Pi acoger\u00e1n la fase de grupos y Benidorm las semifinales y la gran final<\/p>\n","protected":false},"author":0,"featured_media":2112,"comment_status":"open","ping_status":"open","sticky":false,"template":"","format":"standard","meta":{"_acf_changed":false,"footnotes":""},"categories":[16],"tags":[],"class_list":["post-2111","post","type-post","status-publish","format-standard","has-post-thumbnail","hentry","category-deportes"],"acf":{"ser_id":"5W5VDVLS45AIZFVYBDXQNTZKWQ","ser_url":"https:\/\/cadenaser.com\/comunitat-valenciana\/2024\/02\/07\/la-marina-baixa-sede-del-nacional-de-futbol-sala-femenino-sub-16-y-sub-19-radio-benidorm\/"},"_links":{"self":[{"href":"https:\/\/serbenidorm.daliisolutions.com\/index.php\/wp-json\/wp\/v2\/posts\/2111","targetHints":{"allow":["GET"]}}],"collection":[{"href":"https:\/\/serbenidorm.daliisolutions.com\/index.php\/wp-json\/wp\/v2\/posts"}],"about":[{"href":"https:\/\/serbenidorm.daliisolutions.com\/index.php\/wp-json\/wp\/v2\/types\/post"}],"replies":[{"embeddable":true,"href":"https:\/\/serbenidorm.daliisolutions.com\/index.php\/wp-json\/wp\/v2\/comments?post=2111"}],"version-history":[{"count":0,"href":"https:\/\/serbenidorm.daliisolutions.com\/index.php\/wp-json\/wp\/v2\/posts\/2111\/revisions"}],"wp:featuredmedia":[{"embeddable":true,"href":"https:\/\/serbenidorm.daliisolutions.com\/index.php\/wp-json\/wp\/v2\/media\/2112"}],"wp:attachment":[{"href":"https:\/\/serbenidorm.daliisolutions.com\/index.php\/wp-json\/wp\/v2\/media?parent=2111"}],"wp:term":[{"taxonomy":"category","embeddable":true,"href":"https:\/\/serbenidorm.daliisolutions.com\/index.php\/wp-json\/wp\/v2\/categories?post=2111"},{"taxonomy":"post_tag","embeddable":true,"href":"https:\/\/serbenidorm.daliisolutions.com\/index.php\/wp-json\/wp\/v2\/tags?post=2111"}],"curies":[{"name":"wp","href":"https:\/\/api.w.org\/{rel}","templated":true}]}}