{"id":21153,"date":"2025-12-30T12:56:06","date_gmt":"2025-12-30T11:56:06","guid":{"rendered":"https:\/\/serbenidorm.daliisolutions.com\/index.php\/2025\/12\/30\/felipe-orts-sera-protagonista-en-las-preuvas-del-ciclocross-en-diegem\/"},"modified":"2025-12-30T12:56:06","modified_gmt":"2025-12-30T11:56:06","slug":"felipe-orts-sera-protagonista-en-las-preuvas-del-ciclocross-en-diegem","status":"publish","type":"post","link":"https:\/\/serbenidorm.daliisolutions.com\/index.php\/2025\/12\/30\/felipe-orts-sera-protagonista-en-las-preuvas-del-ciclocross-en-diegem\/","title":{"rendered":"Felipe Orts ser\u00e1 protagonista en las \u2018preuvas\u2019 del ciclocross en Diegem"},"content":{"rendered":" <p>El ciclocross es una especialidad ciclista que habla neerland\u00e9s. B\u00e9lgica sigue siendo el epicentro mundial de este deporte y all\u00ed el \u2018Kerstperiode\u2019, traducido literalmente como periodo navide\u00f1o, es una celebraci\u00f3n tan importante como la propia Navidad. Como muestra de ello, basta un dato: en los 16 d\u00edas naturales que se extienden entre el pasado 20 de diciembre y el pr\u00f3ximo 4 de enero se disputan un total de doce carreras de la m\u00e1xima importancia. Pruebas que pueden entenderse casi como un Tour de Francia para los especialistas invernales.<\/p>  <p>Con la mayor parte de las competiciones habituales detenidas por el par\u00f3n navide\u00f1o, hay un deportista de la Marina Baixa que en este \u2018Kerstperiode\u2019 alcanza su mayor pico de actividad del a\u00f1o: Felipe Orts.<\/p>  <p>Si nos ce\u00f1imos a estas \u00faltimas fechas, el ciclista de La Vila Joiosa ha tomado la salida en Namur, Amberes, Koksijde, Heusden-Zolder, Gavere y Dendermonde; una agenda que completar\u00e1 en la noche de este martes con la \u00faltima cita del a\u00f1o para el pelot\u00f3n invernal: la nocturna de Diegem.<\/p>  <p>En esa localidad pegada a la cabecera de la pista 7 izquierda del aeropuerto internacional de Bruselas se celebra anualmente lo que para los belgas, entusiastas del ciclocross, podr\u00eda ser el equivalente a las \u2018preuvas\u2019 espa\u00f1olas. <\/p>  <p>Orts brill\u00f3 con luz propia el pasado domingo en la Copa del Mundo de Dendermonde, donde lider\u00f3 la prueba durante varias vueltas y se mantuvo hasta el final en el grupo de corredores que se disputaron la victoria, que finalmente fue a parar al palmar\u00e9s de Thibau Nys, que entr\u00f3 en meta con 15 segundos de ventaja sobre el de La Vila Joiosa.<\/p>  <p>El de Diegem es un circuito en el que Orts ha sabido completar buenas actuaciones en el pasado. Sin ir m\u00e1s lejos, hace ahora doce meses termin\u00f3 octavo en una edici\u00f3n que se llev\u00f3 el actual l\u00edder de la Copa del Mundo, Laurens Sweeck, que ayer sufri\u00f3 una dur\u00edsima ca\u00edda en Loenhout que le ha obligado a pasar hoy por el quir\u00f3fano y poner punto y final a su temporada.<\/p>  <p>Sin Mathieu Van der Poel en liza, el gran favorito para la siempre especial cita nocturna de Diegem volver\u00e1 a ser Thibau Nys seguido del vencedor del pasado a\u00f1o, Tibor Del Grosso; el l\u00edder del Superprestigio, Niels Vandeputte o el compa\u00f1ero de Felipe Orts, Joris Nieuwenhuis.<\/p> ","protected":false},"excerpt":{"rendered":"<p>Tras la gran carrera protagonizada en Dendermonde, el vilero afronta con mucho optimismo la \u00faltima carrera del a\u00f1o<\/p>\n","protected":false},"author":0,"featured_media":21154,"comment_status":"","ping_status":"open","sticky":false,"template":"","format":"standard","meta":{"_acf_changed":false,"footnotes":""},"categories":[16],"tags":[],"class_list":["post-21153","post","type-post","status-publish","format-standard","has-post-thumbnail","hentry","category-deportes"],"acf":{"ser_id":"CT2WFRMHQ5GRXC5R6Z46SIXOPM","ser_url":"https:\/\/cadenaser.com\/comunitat-valenciana\/2025\/12\/30\/felipe-orts-sera-protagonista-en-las-preuvas-del-ciclocross-en-diegem-radio-benidorm\/"},"_links":{"self":[{"href":"https:\/\/serbenidorm.daliisolutions.com\/index.php\/wp-json\/wp\/v2\/posts\/21153","targetHints":{"allow":["GET"]}}],"collection":[{"href":"https:\/\/serbenidorm.daliisolutions.com\/index.php\/wp-json\/wp\/v2\/posts"}],"about":[{"href":"https:\/\/serbenidorm.daliisolutions.com\/index.php\/wp-json\/wp\/v2\/types\/post"}],"replies":[{"embeddable":true,"href":"https:\/\/serbenidorm.daliisolutions.com\/index.php\/wp-json\/wp\/v2\/comments?post=21153"}],"version-history":[{"count":0,"href":"https:\/\/serbenidorm.daliisolutions.com\/index.php\/wp-json\/wp\/v2\/posts\/21153\/revisions"}],"wp:featuredmedia":[{"embeddable":true,"href":"https:\/\/serbenidorm.daliisolutions.com\/index.php\/wp-json\/wp\/v2\/media\/21154"}],"wp:attachment":[{"href":"https:\/\/serbenidorm.daliisolutions.com\/index.php\/wp-json\/wp\/v2\/media?parent=21153"}],"wp:term":[{"taxonomy":"category","embeddable":true,"href":"https:\/\/serbenidorm.daliisolutions.com\/index.php\/wp-json\/wp\/v2\/categories?post=21153"},{"taxonomy":"post_tag","embeddable":true,"href":"https:\/\/serbenidorm.daliisolutions.com\/index.php\/wp-json\/wp\/v2\/tags?post=21153"}],"curies":[{"name":"wp","href":"https:\/\/api.w.org\/{rel}","templated":true}]}}