{"id":21157,"date":"2025-12-30T15:20:05","date_gmt":"2025-12-30T14:20:05","guid":{"rendered":"https:\/\/serbenidorm.daliisolutions.com\/index.php\/2025\/12\/30\/benidorm-vuelve-a-ser-el-destino-favorito-en-nochevieja-de-la-comunitat-valenciana\/"},"modified":"2025-12-30T15:20:05","modified_gmt":"2025-12-30T14:20:05","slug":"benidorm-vuelve-a-ser-el-destino-favorito-en-nochevieja-de-la-comunitat-valenciana","status":"publish","type":"post","link":"https:\/\/serbenidorm.daliisolutions.com\/index.php\/2025\/12\/30\/benidorm-vuelve-a-ser-el-destino-favorito-en-nochevieja-de-la-comunitat-valenciana\/","title":{"rendered":"Benidorm vuelve a ser el destino favorito en Nochevieja de la Comunitat Valenciana"},"content":{"rendered":" <p>Ya se puede confirmar que va a ser una nochevieja de \u00e9xito, al menos para los hoteleros. Benidorm es el destino m\u00e1s demandado de todo la Comunitat Valenciana con un 92% de reservas confirmadas. <\/p>  <p>Una de las caracter\u00edsticas m\u00e1s se\u00f1aladas de esta noche tan especial en la capital tur\u00edstica es la fidelidad y la antelaci\u00f3n de las reservas para esta \u00faltima noche del a\u00f1o. Desde la patronal Hosbec explican c\u00f3mo adem\u00e1s m<a href=\"\" target=\"_blank\" rel=\"nofollow\" title=\"\">uchos clientes, familias, grupos de amigos, dejan su reserva formalizada para el a\u00f1o siguiente en su hotel favorito de la ciudad<\/a>.<\/p>  <p>El resto de la Comunitat tambi\u00e9n lo va a celebrar por todo lo alto. Con una planta hotelera abierta de m\u00e1s del 80% de su capacidad (unas 120.000 plazas operativas), la ocupaci\u00f3n para Nochevieja ronda cerca del 90% de media en el conjunto auton\u00f3mico. <\/p>  <p>La ciudad de Val\u00e8ncia tampoco se queda atr\u00e1s: los datos de reservas sit\u00faan la ocupaci\u00f3n hotelera de la ciudad al 90% en estos momentos, con un importante volumen de reservas de \u00faltima hora tanto de turistas nacionales de proximidad como de los internacionales, que suponen el 60% del mercado. <\/p>  <p>La Costa Blanca est\u00e1 al 86%, mismo dato que la provincia de Valencia, y la provincia de Castell\u00f3n al 85%, lo que extiende las buenas previsiones por todo el territorio. El interior tambi\u00e9n es protagonista con una ocupaci\u00f3n que estar\u00e1 en torno a esa media del 90%. <\/p> ","protected":false},"excerpt":{"rendered":"<p>Cada vez son m\u00e1s los que reservan el hotel con un a\u00f1o de antelaci\u00f3n<\/p>\n","protected":false},"author":0,"featured_media":21158,"comment_status":"","ping_status":"open","sticky":false,"template":"","format":"standard","meta":{"_acf_changed":false,"footnotes":""},"categories":[1],"tags":[],"class_list":["post-21157","post","type-post","status-publish","format-standard","has-post-thumbnail","hentry","category-sin-categoria"],"acf":{"ser_id":"QI3UTZPU2FFF5BG6UORZYZRR6A","ser_url":"https:\/\/cadenaser.com\/comunitat-valenciana\/2025\/12\/30\/benidorm-vuelve-a-ser-el-destino-favorito-en-nochevieja-de-la-comunitat-valenciana-radio-benidorm\/"},"_links":{"self":[{"href":"https:\/\/serbenidorm.daliisolutions.com\/index.php\/wp-json\/wp\/v2\/posts\/21157","targetHints":{"allow":["GET"]}}],"collection":[{"href":"https:\/\/serbenidorm.daliisolutions.com\/index.php\/wp-json\/wp\/v2\/posts"}],"about":[{"href":"https:\/\/serbenidorm.daliisolutions.com\/index.php\/wp-json\/wp\/v2\/types\/post"}],"replies":[{"embeddable":true,"href":"https:\/\/serbenidorm.daliisolutions.com\/index.php\/wp-json\/wp\/v2\/comments?post=21157"}],"version-history":[{"count":0,"href":"https:\/\/serbenidorm.daliisolutions.com\/index.php\/wp-json\/wp\/v2\/posts\/21157\/revisions"}],"wp:featuredmedia":[{"embeddable":true,"href":"https:\/\/serbenidorm.daliisolutions.com\/index.php\/wp-json\/wp\/v2\/media\/21158"}],"wp:attachment":[{"href":"https:\/\/serbenidorm.daliisolutions.com\/index.php\/wp-json\/wp\/v2\/media?parent=21157"}],"wp:term":[{"taxonomy":"category","embeddable":true,"href":"https:\/\/serbenidorm.daliisolutions.com\/index.php\/wp-json\/wp\/v2\/categories?post=21157"},{"taxonomy":"post_tag","embeddable":true,"href":"https:\/\/serbenidorm.daliisolutions.com\/index.php\/wp-json\/wp\/v2\/tags?post=21157"}],"curies":[{"name":"wp","href":"https:\/\/api.w.org\/{rel}","templated":true}]}}