{"id":21170,"date":"2025-12-31T12:47:34","date_gmt":"2025-12-31T11:47:34","guid":{"rendered":"https:\/\/serbenidorm.daliisolutions.com\/index.php\/2025\/12\/31\/asi-ha-contado-radio-benidorm-este-ultimo-ano\/"},"modified":"2025-12-31T12:47:34","modified_gmt":"2025-12-31T11:47:34","slug":"asi-ha-contado-radio-benidorm-este-ultimo-ano","status":"publish","type":"post","link":"https:\/\/serbenidorm.daliisolutions.com\/index.php\/2025\/12\/31\/asi-ha-contado-radio-benidorm-este-ultimo-ano\/","title":{"rendered":"As\u00ed ha contado Radio Benidorm este \u00faltimo a\u00f1o"},"content":{"rendered":" <p>2025: el a\u00f1o que Melody gan\u00f3 el cuarto Benidorm Fest y que se decidi\u00f3 que el Benidorm Fest no elegir\u00e1 en 2026 al representante de Eurovisi\u00f3n porque Televisi\u00f3n Espa\u00f1ola no va a participar si est\u00e1 Israel: \u00abYo sigo pensando como presidente de la corporaci\u00f3n que el festival de Eurovisi\u00f3n efectivamente es un concurso, pero que los derechos humanos no son un concurso\u00bb, concluy\u00f3 Jos\u00e9 Pablo L\u00f3pez en el Congreso de los Diputados.<\/p>  <p>2025 y dos palabras, un nombre propio: Serra Gelada. El Parque Natural ha cumplido veinte a\u00f1os y el Tribunal Supremo ha confirmado una condena hist\u00f3rica al Ayuntamiento de Benidorm para pagar m\u00e1s de trescientos millones de euros a la familia Murcia Puchades por sus suelos en ese enclave. Una condena recurrida al Constitucional y de una repercusi\u00f3n todav\u00eda insondable.<\/p>  <p>Lleg\u00f3 la Acampada y el ascenso, ese fin de semana de abril, del Playas de Benidorm a la m\u00e1xima categor\u00eda del voleibol espa\u00f1ol: \u00abEs que es el sue\u00f1o, un trabajo de 15 a\u00f1os y mucha gente. Y bueno, hemos conseguido un \u00e9xito espectacular para la ciudad de Benidorm, para el voleibol\u00bb, manifestaba emocionado a los micr\u00f3fonos de Radio Benidorm el presidente del club Ram\u00f3n Gonz\u00e1lez.<\/p>  <p>El lunes, con la resaca de la acampada y del ascenso, se fue la luz. El 2025 ser\u00e1 recordado por el apag\u00f3n, pero sobre todo por el problema de la vivienda tambi\u00e9n en Benidorm, en La Vila, en Altea&#8230; en toda la Marina Baixa. <\/p>  <p>En Poniente se construye un bloque de un centenar de viviendas sociales y se proyecta el residencial m\u00e1s alto de Europa, la TM Tower, aunque en este caso con viviendas de lujo: \u00abHombre, si vendimos treinta y una viviendas el primer d\u00eda y cuarenta, creo, en dos d\u00edas. Entonces, pues dices, oye, a lo mejor hasta nos hemos equivocado de precio\u00bb, afirmaba en la presentaci\u00f3n el constructor.<\/p>  <p>El verano empez\u00f3 en Benidorm con la tantas veces anunciada y retrasada implantaci\u00f3n de la Zona de Bajas Emisiones y termin\u00f3 con dos balances opuestos: los hoteles celebrando sus datos de ocupaci\u00f3n mientras los comerciantes de la ciudad cifraban en un 50% la ca\u00edda de sus ventas. Un verano, como siempre, de festivales, aunque entonces no sab\u00edamos que ser\u00eda el \u00faltimo Low. <\/p>  <p>Maz\u00f3n empez\u00f3 el curso pol\u00edtico en Benidorm, en la Ermita, arropado por su partido y por el alcalde. Pero no se ha llegado a comer el turr\u00f3n como presidente de la Generalitat; en su lugar, el hasta ahora alcalde de Finestrat, Juanfran P\u00e9rez Llorca: \u00abRenuncio al privilegio de ser alcalde, es verdad. Y a cambio asumo una responsabilidad mayor, ponerme al servicio de esta tierra, donde hay millones de personas que no saben qui\u00e9n soy\u00bb. Y al frente del Ayuntamiento de Finestrat, por primera vez y casi para cerrar este 2025, una mujer, Nati Algado.<\/p> ","protected":false},"excerpt":{"rendered":"<p>El problema de la vivienda, la implantaci\u00f3n de la Zona de Bajas Emisiones o la condena de Serra Gelada han protagonizado buena parte de la actualidad informativa en 2025<\/p>\n","protected":false},"author":0,"featured_media":21171,"comment_status":"","ping_status":"open","sticky":false,"template":"","format":"standard","meta":{"_acf_changed":false,"footnotes":""},"categories":[1],"tags":[],"class_list":["post-21170","post","type-post","status-publish","format-standard","has-post-thumbnail","hentry","category-sin-categoria"],"acf":{"ser_id":"6WJ2ZY25KJCKFEA2QJVV2VBAZI","ser_url":"https:\/\/cadenaser.com\/comunitat-valenciana\/2025\/12\/31\/asi-ha-contado-radio-benidorm-este-ultimo-ano-radio-benidorm\/"},"_links":{"self":[{"href":"https:\/\/serbenidorm.daliisolutions.com\/index.php\/wp-json\/wp\/v2\/posts\/21170","targetHints":{"allow":["GET"]}}],"collection":[{"href":"https:\/\/serbenidorm.daliisolutions.com\/index.php\/wp-json\/wp\/v2\/posts"}],"about":[{"href":"https:\/\/serbenidorm.daliisolutions.com\/index.php\/wp-json\/wp\/v2\/types\/post"}],"replies":[{"embeddable":true,"href":"https:\/\/serbenidorm.daliisolutions.com\/index.php\/wp-json\/wp\/v2\/comments?post=21170"}],"version-history":[{"count":0,"href":"https:\/\/serbenidorm.daliisolutions.com\/index.php\/wp-json\/wp\/v2\/posts\/21170\/revisions"}],"wp:featuredmedia":[{"embeddable":true,"href":"https:\/\/serbenidorm.daliisolutions.com\/index.php\/wp-json\/wp\/v2\/media\/21171"}],"wp:attachment":[{"href":"https:\/\/serbenidorm.daliisolutions.com\/index.php\/wp-json\/wp\/v2\/media?parent=21170"}],"wp:term":[{"taxonomy":"category","embeddable":true,"href":"https:\/\/serbenidorm.daliisolutions.com\/index.php\/wp-json\/wp\/v2\/categories?post=21170"},{"taxonomy":"post_tag","embeddable":true,"href":"https:\/\/serbenidorm.daliisolutions.com\/index.php\/wp-json\/wp\/v2\/tags?post=21170"}],"curies":[{"name":"wp","href":"https:\/\/api.w.org\/{rel}","templated":true}]}}