{"id":21172,"date":"2025-12-31T12:47:36","date_gmt":"2025-12-31T11:47:36","guid":{"rendered":"https:\/\/serbenidorm.daliisolutions.com\/index.php\/2025\/12\/31\/el-24-de-junio-sera-festivo-en-2026-en-la-comunitat-valenciana\/"},"modified":"2025-12-31T12:47:36","modified_gmt":"2025-12-31T11:47:36","slug":"el-24-de-junio-sera-festivo-en-2026-en-la-comunitat-valenciana","status":"publish","type":"post","link":"https:\/\/serbenidorm.daliisolutions.com\/index.php\/2025\/12\/31\/el-24-de-junio-sera-festivo-en-2026-en-la-comunitat-valenciana\/","title":{"rendered":"El 24 de junio ser\u00e1 festivo en 2026 en la Comunitat Valenciana"},"content":{"rendered":" <p>El pleno del Consell ha aprobado este martes el decreto que establece el calendario laboral para el a\u00f1o 2026 en la Comunitat Valenciana, que contar\u00e1 con 12 d\u00edas inh\u00e1biles a efectos laborales, retribuidos y no recuperables. Entre ellos destaca el 24 de junio, d\u00eda de Sant Joan, que ser\u00e1 festivo en todo el territorio auton\u00f3mico.<\/p>  <p>La inclusi\u00f3n de esta fecha responde a la Resoluci\u00f3n de Les Corts que solicitaba declarar como festividad auton\u00f3mica las tradicionales Fogueres de Sant Joan, especialmente significativas en la ciudad de Alicante. <\/p>  <p>El calendario ha sido elaborado tras el informe preceptivo del Consejo Tripartito para el Desarrollo de las Relaciones Laborales y la Negociaci\u00f3n Colectiva de la Comunitat Valenciana.<\/p>  <p>Los festivos laborales para 2026 en la Comunitat Valenciana ser\u00e1n los siguientes:<\/p>  <p>Con esta decisi\u00f3n, el Consell refuerza el valor cultural y festivo de Sant Joan, consolidando su relevancia en el calendario oficial de la Comunitat Valenciana.<\/p>  <p><i>Sigue toda la \u00faltima hora en el canal de Whatsapp de Radio Valencia:<\/i><a href=\"https:\/\/eur01.safelinks.protection.outlook.com\/?url=https%3A%2F%2Fwhatsapp.com%2Fchannel%2F0029VaHjyqSFHWq2Q3iHB33R&amp;data=05%7C02%7CADuran%40prisaradio.com%7C02ea95022c714975f8a308dc815e6812%7Cc4fd49f3e15a44d882e2c909735d2e45%7C0%7C0%7C638527489700967202%7CUnknown%7CTWFpbGZsb3d8eyJWIjoiMC4wLjAwMDAiLCJQIjoiV2luMzIiLCJBTiI6Ik1haWwiLCJXVCI6Mn0%3D%7C0%7C%7C%7C&amp;sdata=bDP1arXEhYFoHtvYLOEppFDnR6On2zoB2LqKP8VJn%2Fo%3D&amp;reserved=0\" target=\"_blank\" rel=\"nofollow\" title=\"Direcci\u00f3n URL original: https:\/\/whatsapp.com\/channel\/0029VaHjyqSFHWq2Q3iHB33R. Haga clic o pulse si conf\u00eda en este v\u00ednculo.\"><i>haz clic aqu\u00ed y suscr\u00edbete<\/i><\/a><i> para recibir toda la informaci\u00f3n y la actualidad del d\u00eda en tu m\u00f3vil<\/i>.<\/p> ","protected":false},"excerpt":{"rendered":"<p>El Consell aprueba el calendario laboral con 12 d\u00edas inh\u00e1biles, retribuidos y no recuperables, incluyendo Sant Joan como festividad auton\u00f3mica<\/p>\n","protected":false},"author":0,"featured_media":21173,"comment_status":"","ping_status":"open","sticky":false,"template":"","format":"standard","meta":{"_acf_changed":false,"footnotes":""},"categories":[1],"tags":[],"class_list":["post-21172","post","type-post","status-publish","format-standard","has-post-thumbnail","hentry","category-sin-categoria"],"acf":{"ser_id":"JBZXSCAB7ZHGJKCCSTD6ISMA6M","ser_url":"https:\/\/cadenaser.com\/comunitat-valenciana\/2025\/07\/01\/el-24-de-junio-sera-festivo-en-2026-en-la-comunitat-valenciana-radio-valencia\/"},"_links":{"self":[{"href":"https:\/\/serbenidorm.daliisolutions.com\/index.php\/wp-json\/wp\/v2\/posts\/21172","targetHints":{"allow":["GET"]}}],"collection":[{"href":"https:\/\/serbenidorm.daliisolutions.com\/index.php\/wp-json\/wp\/v2\/posts"}],"about":[{"href":"https:\/\/serbenidorm.daliisolutions.com\/index.php\/wp-json\/wp\/v2\/types\/post"}],"replies":[{"embeddable":true,"href":"https:\/\/serbenidorm.daliisolutions.com\/index.php\/wp-json\/wp\/v2\/comments?post=21172"}],"version-history":[{"count":0,"href":"https:\/\/serbenidorm.daliisolutions.com\/index.php\/wp-json\/wp\/v2\/posts\/21172\/revisions"}],"wp:featuredmedia":[{"embeddable":true,"href":"https:\/\/serbenidorm.daliisolutions.com\/index.php\/wp-json\/wp\/v2\/media\/21173"}],"wp:attachment":[{"href":"https:\/\/serbenidorm.daliisolutions.com\/index.php\/wp-json\/wp\/v2\/media?parent=21172"}],"wp:term":[{"taxonomy":"category","embeddable":true,"href":"https:\/\/serbenidorm.daliisolutions.com\/index.php\/wp-json\/wp\/v2\/categories?post=21172"},{"taxonomy":"post_tag","embeddable":true,"href":"https:\/\/serbenidorm.daliisolutions.com\/index.php\/wp-json\/wp\/v2\/tags?post=21172"}],"curies":[{"name":"wp","href":"https:\/\/api.w.org\/{rel}","templated":true}]}}