{"id":21180,"date":"2025-12-31T15:24:30","date_gmt":"2025-12-31T14:24:30","guid":{"rendered":"https:\/\/serbenidorm.daliisolutions.com\/index.php\/2025\/12\/31\/pacha-penelope-new-look-un-relato-personal-de-la-noche-en-benidorm\/"},"modified":"2025-12-31T15:24:30","modified_gmt":"2025-12-31T14:24:30","slug":"pacha-penelope-new-look-un-relato-personal-de-la-noche-en-benidorm","status":"publish","type":"post","link":"https:\/\/serbenidorm.daliisolutions.com\/index.php\/2025\/12\/31\/pacha-penelope-new-look-un-relato-personal-de-la-noche-en-benidorm\/","title":{"rendered":"Pach\u00e1 \u2013 Pen\u00e9lope \u2013 New Look: un relato personal de la noche en Benidorm"},"content":{"rendered":" <p>La historia de Virgilio Romero, conocido desde muy joven como Richard, comienza en 1968, el mismo a\u00f1o en que Cliff Richard compet\u00eda en Eurovisi\u00f3n y <a href=\"https:\/\/cadenaser.com\/tag\/benidorm\/a\/\" target=\"_blank\" rel=\"nofollow\" title=\"https:\/\/cadenaser.com\/tag\/benidorm\/a\/\">Benidorm iniciaba su gran despegue tur\u00edstico<\/a>. Con apenas trece a\u00f1os, aquel apodo \u2014inspirado en el personaje Richard Kimble de la serie <i>El Fugitivo<\/i>\u2014 termin\u00f3 sustituyendo a un nombre que, seg\u00fan \u00e9l mismo reconoce, \u201cno funcionaba muy bien\u201d entre los turistas extranjeros. <\/p>  <p>El viaje hasta Benidorm fue largo y marcado por la emigraci\u00f3n interior de finales de los a\u00f1os sesenta. La familia Romero sali\u00f3 de Granada, pas\u00f3 por Torremanzanas y acab\u00f3 instal\u00e1ndose en Benidorm gracias a una cadena de casualidades y apoyos, entre ellos varios sacerdotes que jugaron un papel decisivo. Primero lleg\u00f3 el padre y, poco despu\u00e9s, el resto de la familia se asent\u00f3 en una ciudad que entonces era casi campo, con la calle Ruzafa rodeada de huertas y muy lejos del Benidorm vertical que hoy se conoce.<\/p>  <p>Richard empez\u00f3 a trabajar muy joven, combinando estudios y empleo en bares y hoteles. Aprovech\u00f3 cada invierno para estudiar ingl\u00e9s, contabilidad o mecanograf\u00eda, mientras en verano se curt\u00eda como camarero y barman. Su don de gentes, su facilidad para los idiomas y su car\u00e1cter inquieto le permitieron destacar pronto, primero en establecimientos cl\u00e1sicos del centro y despu\u00e9s en hoteles como el Vista Oro.<\/p>  <p>El gran salto lleg\u00f3 a finales de los a\u00f1os setenta, cuando se incorpor\u00f3 a la discoteca Pach\u00e1 y acab\u00f3 asumiendo su direcci\u00f3n con solo 23 a\u00f1os. Entre 1978 y 1985 vivi\u00f3 desde dentro la explosi\u00f3n de la noche benidormense, una etapa de libertad, glamour y grandes inversiones que convirti\u00f3 a la ciudad en epicentro del ocio en Espa\u00f1a. Tras Pach\u00e1, su trayectoria continu\u00f3 en Pen\u00e9lope, una macrodiscoteca que marc\u00f3 los a\u00f1os ochenta y principios de los noventa, con miles de personas cada noche, espect\u00e1culos, moda y una oferta in\u00e9dita hasta entonces.<\/p>  <p>En 1996, Richard dio un paso m\u00e1s y emprendi\u00f3 su proyecto m\u00e1s personal: Richard New Look, un local a pie de playa que consolid\u00f3 definitivamente su nombre como marca propia. Desde all\u00ed cerr\u00f3 un c\u00edrculo vital que hab\u00eda comenzado d\u00e9cadas antes muy cerca de ese mismo lugar, en la playa de Levante. Su historia es tambi\u00e9n la de un Benidorm que pas\u00f3 del pueblo al icono tur\u00edstico, y la de una generaci\u00f3n que vivi\u00f3, trabaj\u00f3 y so\u00f1\u00f3 al ritmo de la m\u00fasica y la noche.<\/p> ","protected":false},"excerpt":{"rendered":"<p>Virgilio Romero lleg\u00f3 siendo un adolescente a una ciudad en transformaci\u00f3n y acab\u00f3 convirti\u00e9ndose, como Richard, en uno de los nombres propios de la hosteler\u00eda y el ocio nocturno<\/p>\n","protected":false},"author":0,"featured_media":21181,"comment_status":"","ping_status":"open","sticky":false,"template":"","format":"standard","meta":{"_acf_changed":false,"footnotes":""},"categories":[1],"tags":[],"class_list":["post-21180","post","type-post","status-publish","format-standard","has-post-thumbnail","hentry","category-sin-categoria"],"acf":{"ser_id":"JXPZ2TQXSNEABON3V337RRJYPE","ser_url":"https:\/\/cadenaser.com\/comunitat-valenciana\/2025\/12\/31\/pacha-penelope-new-look-un-relato-personal-de-la-noche-en-benidorm-radio-benidorm\/"},"_links":{"self":[{"href":"https:\/\/serbenidorm.daliisolutions.com\/index.php\/wp-json\/wp\/v2\/posts\/21180","targetHints":{"allow":["GET"]}}],"collection":[{"href":"https:\/\/serbenidorm.daliisolutions.com\/index.php\/wp-json\/wp\/v2\/posts"}],"about":[{"href":"https:\/\/serbenidorm.daliisolutions.com\/index.php\/wp-json\/wp\/v2\/types\/post"}],"replies":[{"embeddable":true,"href":"https:\/\/serbenidorm.daliisolutions.com\/index.php\/wp-json\/wp\/v2\/comments?post=21180"}],"version-history":[{"count":0,"href":"https:\/\/serbenidorm.daliisolutions.com\/index.php\/wp-json\/wp\/v2\/posts\/21180\/revisions"}],"wp:featuredmedia":[{"embeddable":true,"href":"https:\/\/serbenidorm.daliisolutions.com\/index.php\/wp-json\/wp\/v2\/media\/21181"}],"wp:attachment":[{"href":"https:\/\/serbenidorm.daliisolutions.com\/index.php\/wp-json\/wp\/v2\/media?parent=21180"}],"wp:term":[{"taxonomy":"category","embeddable":true,"href":"https:\/\/serbenidorm.daliisolutions.com\/index.php\/wp-json\/wp\/v2\/categories?post=21180"},{"taxonomy":"post_tag","embeddable":true,"href":"https:\/\/serbenidorm.daliisolutions.com\/index.php\/wp-json\/wp\/v2\/tags?post=21180"}],"curies":[{"name":"wp","href":"https:\/\/api.w.org\/{rel}","templated":true}]}}