{"id":21205,"date":"2026-01-02T14:23:09","date_gmt":"2026-01-02T13:23:09","guid":{"rendered":"https:\/\/serbenidorm.daliisolutions.com\/index.php\/2026\/01\/02\/cabalgatas-de-reyes-magos-en-benidorm-y-la-marina-baixa-2026-horarios-recorridos-y-posibles-alternativas-por-la-lluvia\/"},"modified":"2026-01-02T14:23:09","modified_gmt":"2026-01-02T13:23:09","slug":"cabalgatas-de-reyes-magos-en-benidorm-y-la-marina-baixa-2026-horarios-recorridos-y-posibles-alternativas-por-la-lluvia","status":"publish","type":"post","link":"https:\/\/serbenidorm.daliisolutions.com\/index.php\/2026\/01\/02\/cabalgatas-de-reyes-magos-en-benidorm-y-la-marina-baixa-2026-horarios-recorridos-y-posibles-alternativas-por-la-lluvia\/","title":{"rendered":"Cabalgatas de Reyes Magos en Benidorm y la Marina Baixa 2026: horarios, recorridos y posibles alternativas por la lluvia"},"content":{"rendered":" <p>Todo apunta a que la lluvia ser\u00e1 la gran protagonista de las Cabalgatas de Reyes Magos, tambi\u00e9n en Benidorm y la Marina Baixa. <a href=\"https:\/\/cadenaser.com\/tag\/benidorm\/a\/\" target=\"_blank\" rel=\"nofollow\" title=\"https:\/\/cadenaser.com\/tag\/benidorm\/a\/\">A la espera de comunicaciones oficiales en las horas previas a los desfiles<\/a>, de momento se prepara en cada punto de la comarca para que peque\u00f1os y grandes puedan disfrutar de una noche m\u00e1gica.<\/p>  <p>En Benidorm la Cabalgata del lunes 5 de enero estar\u00e1 dividida en dos partes: una primera l\u00fadica, en la que el protagonismo es para los personajes de pel\u00edculas y series infantiles; y una segunda, m\u00e1s tradicional.<\/p>  <p>Partir\u00e1 a las 18:00 horas del Parque de Elche y a partir de ah\u00ed discurrir\u00e1 por la avenida de Los Almendros, calles Marte, Venus, Ruzafa y Herrer\u00edas, Plaza de SSMM Reyes de Espa\u00f1a y Parque de l\u2019Aig\u00fcera hasta alcanzar el auditorio Julio Iglesias, donde hay previsto un espect\u00e1culo multimedia y el lanzamiento de un castillo de fuegos artificiales y donde sus Majestades repartir\u00e1n regalos entre los ni\u00f1os y ni\u00f1as. <\/p>  <p>Ante la posibilidad de que se produzcan lluvias, el alcalde Toni P\u00e9rez ha asegurado que \u201cBenidorm har\u00e1 posible que la Cabalgata, sea cual sea la meteorolog\u00eda, sea tan brillante y tan maravillosa para todos como en los \u00faltimos a\u00f1os\u201d. Desde el Ayuntamiento, confirman, se trabaja ya en una alternativa.<\/p>  <p>En Villajoyosa la Cabalgata de Reyes comenzar\u00e1 a las 18:30 horas y este a\u00f1o hay cambio de recorrido: saldr\u00e1 de la plaza de la Generalitat para continuar por la avenida Pa\u00eds Valenci\u00e0, Barranquet hasta la Barbera con novedades como el saludo de sus Majestades desde el Torre\u00f3n de la Costera la Mar.<\/p>  <p>En Altea la cabalgata del 5 de enero arrancar\u00e1 a las 18:00 horas y finalizar\u00e1 en la Plaza de los Deportes. En Altea la Vella, la cita ser\u00e1 el 6 de enero, a partir de las 11:00 horas, con llegada al Centro Cultural.<\/p>  <p>En l&#8217;Alf\u00e0s del Pi Sus Majestades recorrer\u00e1n primero las calles del Albir desde las 17:00, para llegar a la Casa de Cultura a las 18:00. Por su parte, La Nuc\u00eda celebrar\u00e1 su cabalgata a partir de las 18:00 horas; el desfile recorrer\u00e1 la avenida Marina Baixa, avenida Carretera, calle Iglesia y calle Parad\u00eds, finalizando en l\u2019Auditori.<\/p>  <p>En Finestrat la magia llegar\u00e1 a partir de las 18:00 horas con la cabalgata del casco hist\u00f3rico y otra junto a Villajoyosa en La Cala. Polop ha sido el primer municipio en explicar el escenario en caso de lluvia: la Cabalgata saldr\u00e1 desde la avenida Ponoig hasta el Edificio Multiusos y se desarrollar\u00e1 en el auditorio.<\/p> ","protected":false},"excerpt":{"rendered":"<p>La previsi\u00f3n de lluvia amenada el desarrollo normal de los desfiles<\/p>\n","protected":false},"author":0,"featured_media":21206,"comment_status":"","ping_status":"open","sticky":false,"template":"","format":"standard","meta":{"_acf_changed":false,"footnotes":""},"categories":[1],"tags":[],"class_list":["post-21205","post","type-post","status-publish","format-standard","has-post-thumbnail","hentry","category-sin-categoria"],"acf":{"ser_id":"C2KNHKQ2ANFGDO6VVOWHW2IVZI","ser_url":"https:\/\/cadenaser.com\/comunitat-valenciana\/2026\/01\/02\/cabalgatas-de-reyes-magos-en-benidorm-y-la-marina-baixa-2026-horarios-recorridos-y-posibles-alternativas-por-la-lluvia-radio-benidorm\/"},"_links":{"self":[{"href":"https:\/\/serbenidorm.daliisolutions.com\/index.php\/wp-json\/wp\/v2\/posts\/21205","targetHints":{"allow":["GET"]}}],"collection":[{"href":"https:\/\/serbenidorm.daliisolutions.com\/index.php\/wp-json\/wp\/v2\/posts"}],"about":[{"href":"https:\/\/serbenidorm.daliisolutions.com\/index.php\/wp-json\/wp\/v2\/types\/post"}],"replies":[{"embeddable":true,"href":"https:\/\/serbenidorm.daliisolutions.com\/index.php\/wp-json\/wp\/v2\/comments?post=21205"}],"version-history":[{"count":0,"href":"https:\/\/serbenidorm.daliisolutions.com\/index.php\/wp-json\/wp\/v2\/posts\/21205\/revisions"}],"wp:featuredmedia":[{"embeddable":true,"href":"https:\/\/serbenidorm.daliisolutions.com\/index.php\/wp-json\/wp\/v2\/media\/21206"}],"wp:attachment":[{"href":"https:\/\/serbenidorm.daliisolutions.com\/index.php\/wp-json\/wp\/v2\/media?parent=21205"}],"wp:term":[{"taxonomy":"category","embeddable":true,"href":"https:\/\/serbenidorm.daliisolutions.com\/index.php\/wp-json\/wp\/v2\/categories?post=21205"},{"taxonomy":"post_tag","embeddable":true,"href":"https:\/\/serbenidorm.daliisolutions.com\/index.php\/wp-json\/wp\/v2\/tags?post=21205"}],"curies":[{"name":"wp","href":"https:\/\/api.w.org\/{rel}","templated":true}]}}