{"id":21207,"date":"2026-01-02T14:23:09","date_gmt":"2026-01-02T13:23:09","guid":{"rendered":"https:\/\/serbenidorm.daliisolutions.com\/index.php\/2026\/01\/02\/benidorm-mantendra-el-bono-consumo-tras-una-repercusion-de-35-millones-en-2025\/"},"modified":"2026-01-02T14:23:09","modified_gmt":"2026-01-02T13:23:09","slug":"benidorm-mantendra-el-bono-consumo-tras-una-repercusion-de-35-millones-en-2025","status":"publish","type":"post","link":"https:\/\/serbenidorm.daliisolutions.com\/index.php\/2026\/01\/02\/benidorm-mantendra-el-bono-consumo-tras-una-repercusion-de-35-millones-en-2025\/","title":{"rendered":"Benidorm mantendr\u00e1 el bono consumo tras una repercusi\u00f3n de 3,5 millones en 2025"},"content":{"rendered":" <p>La sexta edici\u00f3n de la campa\u00f1a de bonos consumo #BenidormTeDaM\u00e1s, la primera en la que se han reducido de cinco a tres bonos de diez euros y despu\u00e9s de que haya desaparecido en la mayor\u00eda de la provincia, se ha cerrado con una repercusi\u00f3n de algo m\u00e1s de 3,5 millones de euros en el comercio local.<\/p>  <p>As\u00ed lo ha trasladado en rueda de prensa este viernes el alcalde, Toni P\u00e9rez, que ha calificado de nuevo la iniciativa como \u00abun \u00e9xito\u00bb y <a href=\"https:\/\/cadenaser.com\/tag\/benidorm\/a\/\" target=\"_blank\" rel=\"nofollow\" title=\"https:\/\/cadenaser.com\/tag\/benidorm\/a\/\">ha confirmado que se mantendr\u00e1 con estas condiciones \u00absi la econom\u00eda local lo permite\u00bb<\/a>.<\/p>  <p>Entre el 15 y el 31 de diciembre han descargado sus bonos 45.093 personas, el 63,91 % de los posibles beneficiarios, empadronados de m\u00e1s de 18 a\u00f1os, que sumaban un total de 70.547 personas. <\/p>  <p>De m\u00e1s de 135.000 bonos descargados, finalmente se han canjeado casi 122.000, dejando una facturaci\u00f3n lineal de 2.431.20 euros; una mitad financiada por el Ayuntamiento y la otra por los clientes. <\/p>  <p>Con todo, el c\u00e1lculo del gobierno local aumenta el impacto de la acci\u00f3n hasta los m\u00e1s de 3,5 millones: \u00abPor cada euro que ha puesto la administraci\u00f3n son pr\u00e1cticamente tres los que ha facturado ese comercio local en unas ventas navide\u00f1as que en otros momentos no eran un momento importante para nuestro comercio\u00bb, ha subrayado P\u00e9rez.<\/p> ","protected":false},"excerpt":{"rendered":"<p>El alcalde confirma que habr\u00e1 s\u00e9ptima edici\u00f3n \u00absi la econom\u00eda local lo permite\u00bb<\/p>\n","protected":false},"author":0,"featured_media":21208,"comment_status":"","ping_status":"open","sticky":false,"template":"","format":"standard","meta":{"_acf_changed":false,"footnotes":""},"categories":[1],"tags":[],"class_list":["post-21207","post","type-post","status-publish","format-standard","has-post-thumbnail","hentry","category-sin-categoria"],"acf":{"ser_id":"7ANZF6EWXJF4VLKWWFCNX3E7PU","ser_url":"https:\/\/cadenaser.com\/comunitat-valenciana\/2026\/01\/02\/benidorm-mantendra-el-bono-consumo-tras-una-repercusion-de-35-millones-en-2025-radio-benidorm\/"},"_links":{"self":[{"href":"https:\/\/serbenidorm.daliisolutions.com\/index.php\/wp-json\/wp\/v2\/posts\/21207","targetHints":{"allow":["GET"]}}],"collection":[{"href":"https:\/\/serbenidorm.daliisolutions.com\/index.php\/wp-json\/wp\/v2\/posts"}],"about":[{"href":"https:\/\/serbenidorm.daliisolutions.com\/index.php\/wp-json\/wp\/v2\/types\/post"}],"replies":[{"embeddable":true,"href":"https:\/\/serbenidorm.daliisolutions.com\/index.php\/wp-json\/wp\/v2\/comments?post=21207"}],"version-history":[{"count":0,"href":"https:\/\/serbenidorm.daliisolutions.com\/index.php\/wp-json\/wp\/v2\/posts\/21207\/revisions"}],"wp:featuredmedia":[{"embeddable":true,"href":"https:\/\/serbenidorm.daliisolutions.com\/index.php\/wp-json\/wp\/v2\/media\/21208"}],"wp:attachment":[{"href":"https:\/\/serbenidorm.daliisolutions.com\/index.php\/wp-json\/wp\/v2\/media?parent=21207"}],"wp:term":[{"taxonomy":"category","embeddable":true,"href":"https:\/\/serbenidorm.daliisolutions.com\/index.php\/wp-json\/wp\/v2\/categories?post=21207"},{"taxonomy":"post_tag","embeddable":true,"href":"https:\/\/serbenidorm.daliisolutions.com\/index.php\/wp-json\/wp\/v2\/tags?post=21207"}],"curies":[{"name":"wp","href":"https:\/\/api.w.org\/{rel}","templated":true}]}}