{"id":21209,"date":"2026-01-02T14:23:10","date_gmt":"2026-01-02T13:23:10","guid":{"rendered":"https:\/\/serbenidorm.daliisolutions.com\/index.php\/2026\/01\/02\/sancion-el-olimpic-esta-tres-puntos-mas-cerca-del-lider-benidorm\/"},"modified":"2026-01-02T14:23:10","modified_gmt":"2026-01-02T13:23:10","slug":"sancion-el-olimpic-esta-tres-puntos-mas-cerca-del-lider-benidorm","status":"publish","type":"post","link":"https:\/\/serbenidorm.daliisolutions.com\/index.php\/2026\/01\/02\/sancion-el-olimpic-esta-tres-puntos-mas-cerca-del-lider-benidorm\/","title":{"rendered":"Sanci\u00f3n: El Ol\u00edmpic est\u00e1 tres puntos m\u00e1s cerca del l\u00edder Benidorm"},"content":{"rendered":" <p>El Ol\u00edmpic acaba el a\u00f1o tres puntos m\u00e1s cerca del Benidorm. <\/p>  <p>FFCV ha comunicado la decisi\u00f3n y le ha sancionado: \u00abCon la p\u00e9rdida del encuentro de referencia por 3-0 goles que se anotan al equipo local al estimar las reclamaciones efectuadas por el Club F\u00fatbol Calpe y S.C. Torrevieja (como interesados en el procedimiento) y entender que han quedado fehacientemente probadas las imputaciones contra el jugador culpable a negligencia al haber quedado fehacientemente probado el error de encuentro que nos ocupa hasta el minuto 90, en el que fue sustituido por un compa\u00f1ero, con el dorsal n\u00ba 9 Don \u00c1ngel COBO SANTOS estando a\u00fan inscrito en acta, mediante resoluci\u00f3n de este mismo Comit\u00e9 en fecha 11\/12\/2025 por emplear juego peligroso contra un contrario con ocasi\u00f3n de causar lesi\u00f3n (art. 128.1 a), incumpliendo por tanto con lo dispuesto en el art\u00edculo 60 del C\u00f3digo Disciplinario, ello conlleva sanci\u00f3n\u00bb.<\/p>  <p>El Benidorm pasa a tener 33 puntos, seguido del Torrevieja con 32. El Ol\u00edmpic es cuarto con 25 puntos.<\/p>  <p>El CFUD Calpe y el SC Torrevieja han presentado sendas denuncias por una posible alineaci\u00f3n indebida del CF Benidorm en el partido de liga disputado en Calpe, encuentro que finaliz\u00f3 con victoria benidormense por 2-3.<\/p>  <p>Seg\u00fan la informaci\u00f3n publicada, el caso afectaba a un futbolista del CF Benidorm que fue expulsado en la jornada 14 y que, posteriormente, fue incluido en la convocatoria de la jornada 15. Desde el club benidormense se entendi\u00f3 que el jugador cumpli\u00f3 el partido de sanci\u00f3n en el encuentro de la Nostra Copa frente a la UD Benissa.<\/p>  <p>No obstante, las denuncias se basaron en la interpretaci\u00f3n de que las competiciones son independientes dentro del marco disciplinario de la Federaci\u00f3n de F\u00fatbol de la Comunitat Valenciana, lo que implicar\u00eda que la sanci\u00f3n deb\u00eda haberse cumplido en competici\u00f3n de liga y no en la copa.<\/p>  <p>El SC Torrevieja, que actualmente ocupa la segunda posici\u00f3n en la clasificaci\u00f3n y se encontraba a cuatro puntos del CF Benidorm, es uno de los clubes que ha formalizado la denuncia.<\/p> ","protected":false},"excerpt":{"rendered":"<p>El CFUD Calpe y el SC Torrevieja presentaron sendas denuncias por una posible alineaci\u00f3n indebida del CF Benidorm<\/p>\n","protected":false},"author":0,"featured_media":21210,"comment_status":"","ping_status":"open","sticky":false,"template":"","format":"standard","meta":{"_acf_changed":false,"footnotes":""},"categories":[16],"tags":[],"class_list":["post-21209","post","type-post","status-publish","format-standard","has-post-thumbnail","hentry","category-deportes"],"acf":{"ser_id":"IORNEDR7LZFLPEGA726JXOXNA4","ser_url":"https:\/\/cadenaser.com\/comunitat-valenciana\/2025\/12\/25\/regalo-de-navidad-el-olimpic-puede-estar-tres-puntos-mas-cerca-del-lider-benidorm-radio-xativa\/"},"_links":{"self":[{"href":"https:\/\/serbenidorm.daliisolutions.com\/index.php\/wp-json\/wp\/v2\/posts\/21209","targetHints":{"allow":["GET"]}}],"collection":[{"href":"https:\/\/serbenidorm.daliisolutions.com\/index.php\/wp-json\/wp\/v2\/posts"}],"about":[{"href":"https:\/\/serbenidorm.daliisolutions.com\/index.php\/wp-json\/wp\/v2\/types\/post"}],"replies":[{"embeddable":true,"href":"https:\/\/serbenidorm.daliisolutions.com\/index.php\/wp-json\/wp\/v2\/comments?post=21209"}],"version-history":[{"count":0,"href":"https:\/\/serbenidorm.daliisolutions.com\/index.php\/wp-json\/wp\/v2\/posts\/21209\/revisions"}],"wp:featuredmedia":[{"embeddable":true,"href":"https:\/\/serbenidorm.daliisolutions.com\/index.php\/wp-json\/wp\/v2\/media\/21210"}],"wp:attachment":[{"href":"https:\/\/serbenidorm.daliisolutions.com\/index.php\/wp-json\/wp\/v2\/media?parent=21209"}],"wp:term":[{"taxonomy":"category","embeddable":true,"href":"https:\/\/serbenidorm.daliisolutions.com\/index.php\/wp-json\/wp\/v2\/categories?post=21209"},{"taxonomy":"post_tag","embeddable":true,"href":"https:\/\/serbenidorm.daliisolutions.com\/index.php\/wp-json\/wp\/v2\/tags?post=21209"}],"curies":[{"name":"wp","href":"https:\/\/api.w.org\/{rel}","templated":true}]}}