{"id":21256,"date":"2026-01-05T12:34:08","date_gmt":"2026-01-05T11:34:08","guid":{"rendered":"https:\/\/serbenidorm.daliisolutions.com\/index.php\/2026\/01\/05\/las-humedades-vuelven-a-tomar-la-biblioteca-central-de-benidorm\/"},"modified":"2026-01-05T12:34:08","modified_gmt":"2026-01-05T11:34:08","slug":"las-humedades-vuelven-a-tomar-la-biblioteca-central-de-benidorm","status":"publish","type":"post","link":"https:\/\/serbenidorm.daliisolutions.com\/index.php\/2026\/01\/05\/las-humedades-vuelven-a-tomar-la-biblioteca-central-de-benidorm\/","title":{"rendered":"Las humedades vuelven a tomar la Biblioteca Central de Benidorm"},"content":{"rendered":" <p>Vuelve a llover y se vuelven a producir desperfectos en el techo de la Biblioteca Central de Benidorm. La acumulaci\u00f3n de agua ha provocado las ya tradicionales goteras y, en este caso, el desprendimiento de las placas superiores.<\/p>  <p>En un comunicado muy cr\u00edtico el Sindicato Profesional, mayoritario en el Ayuntamiento de Benidorm, ha pedido a la Concejal\u00eda de Patrimonio Hist\u00f3rico y Cultural soluciones urgentes para \u00abun deterioro estructural que se arrastra desde hace m\u00e1s de diez a\u00f1os y que hoy afecta ya a la seguridad, la salud laboral y la conservaci\u00f3n del patrimonio cultural\u00bb.<\/p>  <img src='https:\/\/cloudfront-eu-central-1.images.arcpublishing.com\/prisaradio\/S5LPCULKG5FJZESWVH3VICVINA.jpeg' alt='La lluvia vuelve a afectar a la Biblioteca Central de Benidorm' \/>  <p><a href=\"https:\/\/cadenaser.com\/tag\/benidorm\/a\/\" target=\"_blank\" rel=\"nofollow\" title=\"https:\/\/cadenaser.com\/tag\/benidorm\/a\/\">Las humedades m\u00e1s graves, explican desde el SPPLB, se concentran en la sala infantil, uno de los espacios m\u00e1s utilizados del edificio<\/a>: \u00abCada episodio de lluvia obliga a cerrarla durante varios d\u00edas, hasta que desaparece el riesgo de desprendimientos\u00bb. Las placas de escayola del techo y las l\u00e1mparas de lectura ya se han desplomado en ocasiones anteriores, \u00ablo que ha generado una l\u00f3gica alarma entre familias, usuarios y personal\u00bb. <\/p>  <p>La situaci\u00f3n en la hemeroteca resulta igualmente alarmante: \u00abLo que hace un a\u00f1o eran simples gotas son hoy chorros de agua que caen directamente sobre zonas de consulta de prensa, secci\u00f3n local y lectura accesible. La humedad constante degrada el papel, favorece la aparici\u00f3n de moho y acelera un da\u00f1o irreversible en los fondos documentales\u00bb. <\/p>  <p>El problema, a\u00f1aden, se extiende sin freno. Nuevas goteras han aparecido frente a la secci\u00f3n de idiomas y en el pasillo de acceso a la sala de consultas. Entre los fondos afectados, asegura el comunicado, se encuentran donaciones de gran valor, como las realizadas por Edelmiro Trillo y Christine Charpentier, que incluyen libros de los siglos XVIII, XIX y XX. <\/p> ","protected":false},"excerpt":{"rendered":"<p>El SPPLB denuncia el deterioro estructural y el peligro para la seguridad de trabajadores o usuarios as\u00ed como para los fondos bibliogr\u00e1ficos<\/p>\n","protected":false},"author":0,"featured_media":21257,"comment_status":"","ping_status":"open","sticky":false,"template":"","format":"standard","meta":{"_acf_changed":false,"footnotes":""},"categories":[1],"tags":[],"class_list":["post-21256","post","type-post","status-publish","format-standard","has-post-thumbnail","hentry","category-sin-categoria"],"acf":{"ser_id":"6UA6QH3CTNAOBAZZ35KXOCCY4Y","ser_url":"https:\/\/cadenaser.com\/comunitat-valenciana\/2026\/01\/05\/las-humedades-vuelven-a-tomar-la-biblioteca-central-de-benidorm-radio-benidorm\/"},"_links":{"self":[{"href":"https:\/\/serbenidorm.daliisolutions.com\/index.php\/wp-json\/wp\/v2\/posts\/21256","targetHints":{"allow":["GET"]}}],"collection":[{"href":"https:\/\/serbenidorm.daliisolutions.com\/index.php\/wp-json\/wp\/v2\/posts"}],"about":[{"href":"https:\/\/serbenidorm.daliisolutions.com\/index.php\/wp-json\/wp\/v2\/types\/post"}],"replies":[{"embeddable":true,"href":"https:\/\/serbenidorm.daliisolutions.com\/index.php\/wp-json\/wp\/v2\/comments?post=21256"}],"version-history":[{"count":0,"href":"https:\/\/serbenidorm.daliisolutions.com\/index.php\/wp-json\/wp\/v2\/posts\/21256\/revisions"}],"wp:featuredmedia":[{"embeddable":true,"href":"https:\/\/serbenidorm.daliisolutions.com\/index.php\/wp-json\/wp\/v2\/media\/21257"}],"wp:attachment":[{"href":"https:\/\/serbenidorm.daliisolutions.com\/index.php\/wp-json\/wp\/v2\/media?parent=21256"}],"wp:term":[{"taxonomy":"category","embeddable":true,"href":"https:\/\/serbenidorm.daliisolutions.com\/index.php\/wp-json\/wp\/v2\/categories?post=21256"},{"taxonomy":"post_tag","embeddable":true,"href":"https:\/\/serbenidorm.daliisolutions.com\/index.php\/wp-json\/wp\/v2\/tags?post=21256"}],"curies":[{"name":"wp","href":"https:\/\/api.w.org\/{rel}","templated":true}]}}