{"id":21298,"date":"2026-01-07T14:45:08","date_gmt":"2026-01-07T13:45:08","guid":{"rendered":"https:\/\/serbenidorm.daliisolutions.com\/index.php\/2026\/01\/07\/el-paro-bajo-un-10-en-benidorm-y-la-marina-baixa-durante-2025\/"},"modified":"2026-01-07T14:45:08","modified_gmt":"2026-01-07T13:45:08","slug":"el-paro-bajo-un-10-en-benidorm-y-la-marina-baixa-durante-2025","status":"publish","type":"post","link":"https:\/\/serbenidorm.daliisolutions.com\/index.php\/2026\/01\/07\/el-paro-bajo-un-10-en-benidorm-y-la-marina-baixa-durante-2025\/","title":{"rendered":"El paro baj\u00f3 un 10% en Benidorm y la Marina Baixa durante 2025"},"content":{"rendered":" <p>El 2025 nos sigue dejando titulares en forma, por ejemplo, de indicadores econ\u00f3micos. Los \u00faltimos datos del Servicio Valenciano de Empleo (LABORA) reflejan como el a\u00f1o que acaba de terminar se ha cerrado con un descenso del 10% del paro en la Marina Baixa respecto al anterior.<\/p>  <p>Enero empieza en la comarca con 8.426 personas en el paro, 941 menos que el mismo mes del a\u00f1o pasado. Un a\u00f1o en el que la mayor\u00eda de meses han registrado un descenso del desempleo, incluido diciembre, aunque ese \u00faltimo descenso ha sido en solo 13 personas.<\/p>  <p>El descenso del desempleo ha reca\u00eddo adem\u00e1s en todos los sectores, especialmente construcci\u00f3n y servicios. <a href=\"https:\/\/cadenaser.com\/tag\/benidorm\/a\/\" target=\"_blank\" rel=\"nofollow\" title=\"https:\/\/cadenaser.com\/tag\/benidorm\/a\/\">Seg\u00fan Labora en el caso concreto de Benidorm casi 400 personas han salido del paro en el \u00faltimo a\u00f1o<\/a>.<\/p>  <p>Jos\u00e9 Mar\u00eda Ruiz, secretario de Empleo de Comisiones Obreras en la provincia de Alicante, ha aprovechado para pedir, adem\u00e1s de mejoras cuantitativas, mejoras cualitativas que repercutan en la calidad del trabajo: \u00abYa no hay excusa para repartir los beneficios y comprometerse con la subida del salario medio o la reducci\u00f3n de la jornada\u00bb.<\/p>  <p>Balance de Ruiz que aprovecha tambi\u00e9n el resultado del \u00faltimo informe de actividad tur\u00edstica de Hosbec. Seg\u00fan la patronal la ocupaci\u00f3n media en Benidorm durante 2025 ha sido del 82,2%, un 1,1% m\u00e1s que el a\u00f1o anterior<\/p>  <p>Otros datos interesantes que deja ese informe son que agosto sigue siendo el rey, con efectos que se ampl\u00edan tambi\u00e9n a septiembre y que en Benidorm los brit\u00e1nicos han vuelto a dar el \u2018sorpasso\u2019 a los turistas nacionales.<\/p>  <p><\/p> ","protected":false},"excerpt":{"rendered":"<p>Los hoteles de Benidorm cierran el a\u00f1o con un 1,1% m\u00e1s de ocupaci\u00f3n media<\/p>\n","protected":false},"author":0,"featured_media":21299,"comment_status":"","ping_status":"open","sticky":false,"template":"","format":"standard","meta":{"_acf_changed":false,"footnotes":""},"categories":[1],"tags":[],"class_list":["post-21298","post","type-post","status-publish","format-standard","has-post-thumbnail","hentry","category-sin-categoria"],"acf":{"ser_id":"XEENH472MRAZZO77WSVX7HPOV4","ser_url":"https:\/\/cadenaser.com\/comunitat-valenciana\/2026\/01\/07\/el-paro-bajo-un-10-en-la-marina-baixa-durante-2025-radio-benidorm\/"},"_links":{"self":[{"href":"https:\/\/serbenidorm.daliisolutions.com\/index.php\/wp-json\/wp\/v2\/posts\/21298","targetHints":{"allow":["GET"]}}],"collection":[{"href":"https:\/\/serbenidorm.daliisolutions.com\/index.php\/wp-json\/wp\/v2\/posts"}],"about":[{"href":"https:\/\/serbenidorm.daliisolutions.com\/index.php\/wp-json\/wp\/v2\/types\/post"}],"replies":[{"embeddable":true,"href":"https:\/\/serbenidorm.daliisolutions.com\/index.php\/wp-json\/wp\/v2\/comments?post=21298"}],"version-history":[{"count":0,"href":"https:\/\/serbenidorm.daliisolutions.com\/index.php\/wp-json\/wp\/v2\/posts\/21298\/revisions"}],"wp:featuredmedia":[{"embeddable":true,"href":"https:\/\/serbenidorm.daliisolutions.com\/index.php\/wp-json\/wp\/v2\/media\/21299"}],"wp:attachment":[{"href":"https:\/\/serbenidorm.daliisolutions.com\/index.php\/wp-json\/wp\/v2\/media?parent=21298"}],"wp:term":[{"taxonomy":"category","embeddable":true,"href":"https:\/\/serbenidorm.daliisolutions.com\/index.php\/wp-json\/wp\/v2\/categories?post=21298"},{"taxonomy":"post_tag","embeddable":true,"href":"https:\/\/serbenidorm.daliisolutions.com\/index.php\/wp-json\/wp\/v2\/tags?post=21298"}],"curies":[{"name":"wp","href":"https:\/\/api.w.org\/{rel}","templated":true}]}}