{"id":2135,"date":"2024-02-07T20:14:19","date_gmt":"2024-02-07T19:14:19","guid":{"rendered":"https:\/\/serbenidorm.daliisolutions.com\/index.php\/2024\/02\/07\/incendio-sin-heridos-en-las-faldas-del-monte-ponoig-de-polop\/"},"modified":"2024-02-07T20:14:19","modified_gmt":"2024-02-07T19:14:19","slug":"incendio-sin-heridos-en-las-faldas-del-monte-ponoig-de-polop","status":"publish","type":"post","link":"https:\/\/serbenidorm.daliisolutions.com\/index.php\/2024\/02\/07\/incendio-sin-heridos-en-las-faldas-del-monte-ponoig-de-polop\/","title":{"rendered":"Incendio sin heridos en las faldas del Monte Ponoig de Polop"},"content":{"rendered":"  <p>Polop<\/p>   <p>Los bomberos han conseguido extinguir el incendio de vegetaci\u00f3n declarado este mi\u00e9rcoles por la tarde en Polop de la Marina. En concreto<a href=\"https:\/\/cadenaser.com\/tag\/polop\/a\/\" target=\"_blank\" rel=\"noopener\"> en las faldas del Monte Ponoig y muy pr\u00f3ximo a una urbanizaci\u00f3n<\/a>.<\/p>   <p>No se han producido heridos y en dicha emergencia, seg\u00fan ha comunicado el Consorcio Provincial de Bomberos de Alicante, se han movilizado varios efectivos de la Polic\u00eda Local de Polop, Guardia Civil y una Unidad de Prevenci\u00f3n de Incendios Forestales de la Generalitat Valenciana.<\/p>   <p>Entre los medios usados han estado una unidad de mando de jefatura, una bomba nodriza pesada, una bomba forestal pesada, un sargento, un cabo y cuatro bomberos del parque de Benidorm.<\/p> ","protected":false},"excerpt":{"rendered":"<p>Pr\u00f3ximo a una urbanizaci\u00f3n<\/p>\n","protected":false},"author":0,"featured_media":2136,"comment_status":"open","ping_status":"open","sticky":false,"template":"","format":"standard","meta":{"_acf_changed":false,"footnotes":""},"categories":[1],"tags":[],"class_list":["post-2135","post","type-post","status-publish","format-standard","has-post-thumbnail","hentry","category-sin-categoria"],"acf":{"ser_id":"L2HHEL4FTNBK7MMZSE3ET7ZM6U","ser_url":"https:\/\/cadenaser.com\/comunitat-valenciana\/2024\/02\/07\/incendio-sin-heridos-en-las-falas-del-monte-ponoig-de-polop-radio-benidorm\/"},"_links":{"self":[{"href":"https:\/\/serbenidorm.daliisolutions.com\/index.php\/wp-json\/wp\/v2\/posts\/2135","targetHints":{"allow":["GET"]}}],"collection":[{"href":"https:\/\/serbenidorm.daliisolutions.com\/index.php\/wp-json\/wp\/v2\/posts"}],"about":[{"href":"https:\/\/serbenidorm.daliisolutions.com\/index.php\/wp-json\/wp\/v2\/types\/post"}],"replies":[{"embeddable":true,"href":"https:\/\/serbenidorm.daliisolutions.com\/index.php\/wp-json\/wp\/v2\/comments?post=2135"}],"version-history":[{"count":0,"href":"https:\/\/serbenidorm.daliisolutions.com\/index.php\/wp-json\/wp\/v2\/posts\/2135\/revisions"}],"wp:featuredmedia":[{"embeddable":true,"href":"https:\/\/serbenidorm.daliisolutions.com\/index.php\/wp-json\/wp\/v2\/media\/2136"}],"wp:attachment":[{"href":"https:\/\/serbenidorm.daliisolutions.com\/index.php\/wp-json\/wp\/v2\/media?parent=2135"}],"wp:term":[{"taxonomy":"category","embeddable":true,"href":"https:\/\/serbenidorm.daliisolutions.com\/index.php\/wp-json\/wp\/v2\/categories?post=2135"},{"taxonomy":"post_tag","embeddable":true,"href":"https:\/\/serbenidorm.daliisolutions.com\/index.php\/wp-json\/wp\/v2\/tags?post=2135"}],"curies":[{"name":"wp","href":"https:\/\/api.w.org\/{rel}","templated":true}]}}