{"id":21351,"date":"2026-01-08T20:18:14","date_gmt":"2026-01-08T19:18:14","guid":{"rendered":"https:\/\/serbenidorm.daliisolutions.com\/index.php\/2026\/01\/08\/maria-anton-cabot-reivindica-benidorm-como-espacio-emocional-y-creativo-en-el-70-aniversario-de-la-luna-de-miel-de-sylvia-plath\/"},"modified":"2026-01-08T20:18:14","modified_gmt":"2026-01-08T19:18:14","slug":"maria-anton-cabot-reivindica-benidorm-como-espacio-emocional-y-creativo-en-el-70-aniversario-de-la-luna-de-miel-de-sylvia-plath","status":"publish","type":"post","link":"https:\/\/serbenidorm.daliisolutions.com\/index.php\/2026\/01\/08\/maria-anton-cabot-reivindica-benidorm-como-espacio-emocional-y-creativo-en-el-70-aniversario-de-la-luna-de-miel-de-sylvia-plath\/","title":{"rendered":"Mar\u00eda Ant\u00f3n Cabot reivindica Benidorm como espacio emocional y creativo en el 70 aniversario de la luna de miel de Sylvia Plath"},"content":{"rendered":" <p>En este reci\u00e9n estrenado 2026 se cumplen 70 a\u00f1os del paso de Sylvia Plath por Benidorm durante su luna de miel, una efem\u00e9ride que sirve de punto de partida para volver junto a Mar\u00eda Ant\u00f3n Cabot a su cortometraje <i>Soy vertical, pero me gustar\u00eda ser horizontal<\/i>, una obra en la que la cineasta imagina un encuentro imposible en la ciudad entre la poeta estadounidense y Bel\u00e9n Esteban.<\/p>  <p>La autora ha compartido en <a href=\"https:\/\/cadenaser.com\/tag\/benidorm\/a\/\" target=\"_blank\" rel=\"nofollow\" title=\"https:\/\/cadenaser.com\/tag\/benidorm\/a\/\">La Ventana de la Marina Baixa<\/a> c\u00f3mo su primer acercamiento a Plath naci\u00f3 precisamente a partir de Benidorm, tras leer un art\u00edculo sobre la estancia de la escritora en la ciudad junto a su marido Ted Hugues. A partir de ah\u00ed se sumergi\u00f3 en una de las grandes autoras del siglo XX y cre\u00f3 este corto, disponible en Filmin, que ha sido reconocido por la cr\u00edtica especializada y destacado como uno de los mejores trabajos en el a\u00f1o de su estreno.<\/p>  <p>La cineasta ha explicado que la idea de unir a la escritora con Bel\u00e9n Esteban no responde a una provocaci\u00f3n gratuita, sino a la b\u00fasqueda de paralelismos vitales entre dos mujeres muy distintas en tiempo e imaginario cultural, pero unidas por la exposici\u00f3n p\u00fablica, el juicio ajeno y una manera confesional de expresar emociones. <\/p>  <p>Benidorm aparece en la pel\u00edcula no solo como escenario f\u00edsico, sino como un estado emocional; la directora defiende as\u00ed a la capital tur\u00edstica como un lugar de energ\u00eda, mezcla de lenguas y culturas, donde la comunicaci\u00f3n trasciende el idioma. El recorrido desde la Huerta hasta el Rinc\u00f3n funciona como un viaje sensitivo que conecta arquitectura, paisaje y memoria, un homenaje a su ciudad natal.<\/p>  <p>Mar\u00eda Ant\u00f3n Cabot ha aprovechado tambi\u00e9n para reflexionar sobre las dificultades del cine independiente en Espa\u00f1a y ha reclamado un mayor apoyo p\u00fablico a las producciones alejadas de las grandes plataformas. Apuesta por recuperar la tradici\u00f3n de ir al cine y defiende la necesidad de generar espacios para historias diferentes. Tampoco descarta que futuros proyectos vuelvan a tener a Benidorm como escenario creativo.<\/p> ","protected":false},"excerpt":{"rendered":"<p>La cineasta benidormense reflexiona sobre su cortometraje &#8216;Soy vertical, pero me gustar\u00eda ser horizontal&#8217; en el que junt\u00f3 a la autora estadounidense con Bel\u00e9n Esteban<\/p>\n","protected":false},"author":0,"featured_media":21352,"comment_status":"","ping_status":"open","sticky":false,"template":"","format":"standard","meta":{"_acf_changed":false,"footnotes":""},"categories":[1],"tags":[],"class_list":["post-21351","post","type-post","status-publish","format-standard","has-post-thumbnail","hentry","category-sin-categoria"],"acf":{"ser_id":"6HVWJY4FI5FF5BUNP26AQVHLHQ","ser_url":"https:\/\/cadenaser.com\/comunitat-valenciana\/2026\/01\/08\/maria-anton-cabot-reivindica-benidorm-como-espacio-emocional-y-creativo-en-el-70-aniversario-de-la-luna-de-miel-de-sylvia-plath-radio-benidorm\/"},"_links":{"self":[{"href":"https:\/\/serbenidorm.daliisolutions.com\/index.php\/wp-json\/wp\/v2\/posts\/21351","targetHints":{"allow":["GET"]}}],"collection":[{"href":"https:\/\/serbenidorm.daliisolutions.com\/index.php\/wp-json\/wp\/v2\/posts"}],"about":[{"href":"https:\/\/serbenidorm.daliisolutions.com\/index.php\/wp-json\/wp\/v2\/types\/post"}],"replies":[{"embeddable":true,"href":"https:\/\/serbenidorm.daliisolutions.com\/index.php\/wp-json\/wp\/v2\/comments?post=21351"}],"version-history":[{"count":0,"href":"https:\/\/serbenidorm.daliisolutions.com\/index.php\/wp-json\/wp\/v2\/posts\/21351\/revisions"}],"wp:featuredmedia":[{"embeddable":true,"href":"https:\/\/serbenidorm.daliisolutions.com\/index.php\/wp-json\/wp\/v2\/media\/21352"}],"wp:attachment":[{"href":"https:\/\/serbenidorm.daliisolutions.com\/index.php\/wp-json\/wp\/v2\/media?parent=21351"}],"wp:term":[{"taxonomy":"category","embeddable":true,"href":"https:\/\/serbenidorm.daliisolutions.com\/index.php\/wp-json\/wp\/v2\/categories?post=21351"},{"taxonomy":"post_tag","embeddable":true,"href":"https:\/\/serbenidorm.daliisolutions.com\/index.php\/wp-json\/wp\/v2\/tags?post=21351"}],"curies":[{"name":"wp","href":"https:\/\/api.w.org\/{rel}","templated":true}]}}