{"id":21364,"date":"2026-01-09T13:54:22","date_gmt":"2026-01-09T12:54:22","guid":{"rendered":"https:\/\/serbenidorm.daliisolutions.com\/index.php\/2026\/01\/09\/el-comercio-de-benidorm-alerta-las-plataformas-de-segunda-mano-se-han-convertido-en-un-negocio-encubierto\/"},"modified":"2026-01-09T13:54:22","modified_gmt":"2026-01-09T12:54:22","slug":"el-comercio-de-benidorm-alerta-las-plataformas-de-segunda-mano-se-han-convertido-en-un-negocio-encubierto","status":"publish","type":"post","link":"https:\/\/serbenidorm.daliisolutions.com\/index.php\/2026\/01\/09\/el-comercio-de-benidorm-alerta-las-plataformas-de-segunda-mano-se-han-convertido-en-un-negocio-encubierto\/","title":{"rendered":"El comercio de Benidorm alerta: \u201cLas plataformas de segunda mano se han convertido en un negocio encubierto\u201d"},"content":{"rendered":" <p>El comercio local de Benidorm afronta el inicio de 2025 con una nueva preocupaci\u00f3n creciente: la competencia desleal que, seg\u00fan el sector, est\u00e1n ejerciendo las plataformas de venta de segunda mano. As\u00ed lo ha denunciado en <a href=\"https:\/\/radiobenidorm.es\" target=\"_blank\" rel=\"nofollow\" title=\"https:\/\/radiobenidorm.es\">Hoy por Hoy Benidorm<\/a> el secretario general de la Asociaci\u00f3n Independiente de Comerciantes de Benidorm (AICO), Juanjo Camarasa, quien alerta de que espacios como Wallapop, Milanuncios o incluso TikTok est\u00e1n siendo utilizados para realizar ventas profesionales encubiertas, sin los controles ni obligaciones fiscales y laborales que s\u00ed asume el peque\u00f1o comercio.<\/p>  <p>Camarasa ha explicado que estas plataformas \u201cest\u00e1n desvirtuando el concepto de segunda mano\u201d, ya que en muchos casos se utilizan para comercializar productos nuevos o importados, generando negocio mediante comisiones y promoci\u00f3n digital. <\/p>  <p>Desde AICO no reclaman una prohibici\u00f3n, pero s\u00ed una mayor vigilancia para evitar que se conviertan en una v\u00eda de competencia injusta frente a los comercios f\u00edsicos, que deben cumplir con seguros, impuestos, personal contratado y normativa municipal.<\/p>  <p>Esta situaci\u00f3n se suma a la presi\u00f3n que el comercio local ya soporta por parte de las grandes plataformas de venta online, como Amazon, y de grandes almacenes y multinacionales, capaces de aplicar pol\u00edticas de precios agresivas y devoluciones gratuitas que el peque\u00f1o comercio no puede asumir. \u201cEl consumidor compra de forma impulsiva desde casa y devuelve sin coste, algo imposible para un aut\u00f3nomo\u201d, ha se\u00f1alado Camarasa, quien defiende la atenci\u00f3n personalizada y el asesoramiento como principal valor diferencial del comercio tradicional.<\/p>  <p>En este contexto, la campa\u00f1a de Navidad en Benidorm ha sido calificada como \u201cbuena en l\u00edneas generales\u201d, un resultado que desde AICO atribuyen directamente a la campa\u00f1a de bonos consumo del Ayuntamiento. Camarasa asegura que, sin este incentivo, el comercio local se habr\u00eda resentido de forma notable, incluso en un periodo tradicionalmente fuerte como el navide\u00f1o, debido a la contenci\u00f3n del gasto de las familias.<\/p>  <p>No obstante, el impacto de los bonos ha sido desigual y menor que en ediciones anteriores. La reducci\u00f3n de la aportaci\u00f3n municipal de 50 a 30 euros ha restado atractivo a la campa\u00f1a, provocando que cerca del 40% de los empadronados no llegaran a canjear su bono. <\/p>  <p>Sectores como la alimentaci\u00f3n, especialmente carnicer\u00edas, han incrementado su uso, mientras que \u00f3pticas, deportes, calzado, tecnolog\u00eda o bienestar han registrado un descenso significativo en las ventas asociadas a los bonos. El sector textil o de regalos se ha mantenido en cuotas similares al a\u00f1o anterior. <\/p>  <p>Tras la Navidad, el comercio encara ahora el periodo de rebajas, que ya no tiene el peso de anta\u00f1o. Seg\u00fan AICO, los primeros d\u00edas se concentran principalmente en cambios de regalos y no en ventas reales, que se reparten a lo largo de las primeras semanas. La liberalizaci\u00f3n de las rebajas y la irrupci\u00f3n de campa\u00f1as como el Black Friday han diluido su impacto, aunque moda, complementos y calzado siguen siendo los sectores donde m\u00e1s se nota este periodo.<\/p>  <p>De cara al futuro, Camarasa apuesta por la especializaci\u00f3n, la calidad y el trato cercano como claves para la supervivencia del peque\u00f1o comercio, sin renunciar a una presencia digital que complemente la tienda f\u00edsica. Al mismo tiempo, reclama pol\u00edticas urbanas y econ\u00f3micas que faciliten el acceso a los comercios y frenen una presi\u00f3n fiscal y competitiva que, advierte, \u201cpone en riesgo la viabilidad del comercio local frente a un mercado cada vez m\u00e1s globalizado\u201d.<\/p> ","protected":false},"excerpt":{"rendered":"<p>AICO denuncia el uso fraudulento de estas plataformas y la ca\u00edda de ventas en algunos comercios en Navidad tras la reducci\u00f3n del bono consumo de 50 a 30 euros <\/p>\n","protected":false},"author":0,"featured_media":21365,"comment_status":"","ping_status":"open","sticky":false,"template":"","format":"standard","meta":{"_acf_changed":false,"footnotes":""},"categories":[1],"tags":[],"class_list":["post-21364","post","type-post","status-publish","format-standard","has-post-thumbnail","hentry","category-sin-categoria"],"acf":{"ser_id":"RQ4FLWGLRRBQDC64IETWYHSWQ4","ser_url":"https:\/\/cadenaser.com\/comunitat-valenciana\/2026\/01\/09\/el-comercio-de-benidorm-alerta-las-plataformas-de-segunda-mano-se-han-convertido-en-un-negocio-encubierto-radio-benidorm\/"},"_links":{"self":[{"href":"https:\/\/serbenidorm.daliisolutions.com\/index.php\/wp-json\/wp\/v2\/posts\/21364","targetHints":{"allow":["GET"]}}],"collection":[{"href":"https:\/\/serbenidorm.daliisolutions.com\/index.php\/wp-json\/wp\/v2\/posts"}],"about":[{"href":"https:\/\/serbenidorm.daliisolutions.com\/index.php\/wp-json\/wp\/v2\/types\/post"}],"replies":[{"embeddable":true,"href":"https:\/\/serbenidorm.daliisolutions.com\/index.php\/wp-json\/wp\/v2\/comments?post=21364"}],"version-history":[{"count":0,"href":"https:\/\/serbenidorm.daliisolutions.com\/index.php\/wp-json\/wp\/v2\/posts\/21364\/revisions"}],"wp:featuredmedia":[{"embeddable":true,"href":"https:\/\/serbenidorm.daliisolutions.com\/index.php\/wp-json\/wp\/v2\/media\/21365"}],"wp:attachment":[{"href":"https:\/\/serbenidorm.daliisolutions.com\/index.php\/wp-json\/wp\/v2\/media?parent=21364"}],"wp:term":[{"taxonomy":"category","embeddable":true,"href":"https:\/\/serbenidorm.daliisolutions.com\/index.php\/wp-json\/wp\/v2\/categories?post=21364"},{"taxonomy":"post_tag","embeddable":true,"href":"https:\/\/serbenidorm.daliisolutions.com\/index.php\/wp-json\/wp\/v2\/tags?post=21364"}],"curies":[{"name":"wp","href":"https:\/\/api.w.org\/{rel}","templated":true}]}}