{"id":21366,"date":"2026-01-09T13:54:24","date_gmt":"2026-01-09T12:54:24","guid":{"rendered":"https:\/\/serbenidorm.daliisolutions.com\/index.php\/2026\/01\/09\/el-balonmano-benidorm-tira-de-la-casa-y-confirma-a-cuti-como-entrenador\/"},"modified":"2026-01-09T13:54:24","modified_gmt":"2026-01-09T12:54:24","slug":"el-balonmano-benidorm-tira-de-la-casa-y-confirma-a-cuti-como-entrenador","status":"publish","type":"post","link":"https:\/\/serbenidorm.daliisolutions.com\/index.php\/2026\/01\/09\/el-balonmano-benidorm-tira-de-la-casa-y-confirma-a-cuti-como-entrenador\/","title":{"rendered":"El Balonmano Benidorm tira de la casa y confirma a &#8216;Cuti&#8217; como entrenador"},"content":{"rendered":" <p>El Club Balonmano Benidorm ha informado este viernes en un comunicado que Alejandro Cutanda se har\u00e1 cargo del primer equipo de Divisi\u00f3n de Honor Plata a partir de hoy, asumiendo el cargo de entrenador principal tras la salida de Marko Krivokapic.<\/p>  <p>Hasta el momento, Cutanda ven\u00eda desempe\u00f1ando las funciones de segundo entrenador del primer equipo, adem\u00e1s de ejercer como coordinador de la base, \u00abroles en los que ha demostrado un alto grado de compromiso, profesionalidad y conocimiento del club\u00bb.<\/p>  <p>Con esta decisi\u00f3n, Alejandro Cutanda \u2014conocido como <i>\u201cCuti\u201d<\/i>\u2014 tendr\u00e1 la oportunidad de liderar al equipo en el reto deportivo de luchar por los puestos que dan acceso al ascenso a la Liga ASOBAL, un objetivo exigente y de m\u00e1xima relevancia para la entidad.<\/p>  <p>Desde la Junta Directiva, explican, se ha optado por otorgar la confianza a un entrenador de la casa \u00abque ha demostrado desde el primer d\u00eda su implicaci\u00f3n, trabajo y amor por estos colores\u00bb.<\/p> ","protected":false},"excerpt":{"rendered":"<p>El club confirma a Alejandro Cutanda como sustituto de Marko Krivokapic para intentar volver a ASOBAL <\/p>\n","protected":false},"author":0,"featured_media":21367,"comment_status":"","ping_status":"open","sticky":false,"template":"","format":"standard","meta":{"_acf_changed":false,"footnotes":""},"categories":[16],"tags":[],"class_list":["post-21366","post","type-post","status-publish","format-standard","has-post-thumbnail","hentry","category-deportes"],"acf":{"ser_id":"J52EMQCEOZF6PJYT4SHCF4UQWA","ser_url":"https:\/\/cadenaser.com\/comunitat-valenciana\/2026\/01\/09\/el-balonmano-benidorm-tira-de-la-casa-y-confirma-a-cuti-como-entrenador-radio-benidorm\/"},"_links":{"self":[{"href":"https:\/\/serbenidorm.daliisolutions.com\/index.php\/wp-json\/wp\/v2\/posts\/21366","targetHints":{"allow":["GET"]}}],"collection":[{"href":"https:\/\/serbenidorm.daliisolutions.com\/index.php\/wp-json\/wp\/v2\/posts"}],"about":[{"href":"https:\/\/serbenidorm.daliisolutions.com\/index.php\/wp-json\/wp\/v2\/types\/post"}],"replies":[{"embeddable":true,"href":"https:\/\/serbenidorm.daliisolutions.com\/index.php\/wp-json\/wp\/v2\/comments?post=21366"}],"version-history":[{"count":0,"href":"https:\/\/serbenidorm.daliisolutions.com\/index.php\/wp-json\/wp\/v2\/posts\/21366\/revisions"}],"wp:featuredmedia":[{"embeddable":true,"href":"https:\/\/serbenidorm.daliisolutions.com\/index.php\/wp-json\/wp\/v2\/media\/21367"}],"wp:attachment":[{"href":"https:\/\/serbenidorm.daliisolutions.com\/index.php\/wp-json\/wp\/v2\/media?parent=21366"}],"wp:term":[{"taxonomy":"category","embeddable":true,"href":"https:\/\/serbenidorm.daliisolutions.com\/index.php\/wp-json\/wp\/v2\/categories?post=21366"},{"taxonomy":"post_tag","embeddable":true,"href":"https:\/\/serbenidorm.daliisolutions.com\/index.php\/wp-json\/wp\/v2\/tags?post=21366"}],"curies":[{"name":"wp","href":"https:\/\/api.w.org\/{rel}","templated":true}]}}