{"id":21368,"date":"2026-01-09T14:13:37","date_gmt":"2026-01-09T13:13:37","guid":{"rendered":"https:\/\/serbenidorm.daliisolutions.com\/index.php\/2026\/01\/09\/el-incendio-de-un-chalet-entre-callosa-y-guadalest-provoca-quemaduras-de-segundo-grado-a-un-hombre-de-70-anos\/"},"modified":"2026-01-09T14:13:37","modified_gmt":"2026-01-09T13:13:37","slug":"el-incendio-de-un-chalet-entre-callosa-y-guadalest-provoca-quemaduras-de-segundo-grado-a-un-hombre-de-70-anos","status":"publish","type":"post","link":"https:\/\/serbenidorm.daliisolutions.com\/index.php\/2026\/01\/09\/el-incendio-de-un-chalet-entre-callosa-y-guadalest-provoca-quemaduras-de-segundo-grado-a-un-hombre-de-70-anos\/","title":{"rendered":"El incendio de un chalet entre Callosa y Guadalest provoca quemaduras de segundo grado a un hombre de 70 a\u00f1os"},"content":{"rendered":" <p>Un incendio declarado este viernes en un chalet ubicado en la carretera que une Callosa y Guadalest ha provocado quemaduras de diversa consideraci\u00f3n a su morador, de 70 a\u00f1os, que ha sido trasladado al Hospital Marina Baixa, en Villajoyosa. <\/p>  <p>El fuego, que ha movilizado durante varias horas a efectivos del <a href=\"https:\/\/cadenaser.com\/tag\/benidorm\/a\/\" target=\"_blank\" rel=\"nofollow\" title=\"https:\/\/cadenaser.com\/tag\/benidorm\/a\/\">Consorcio Provincial de Bomberos de Alicante<\/a>, ha afectado por completo a esta edificaci\u00f3n de campo en la que se acumulaban numerosos enseres. Durante la intervenci\u00f3n, los bomberos localizaron hasta seis gatos en el interior de la vivienda, que han fallecido a causa del incendio.<\/p>  <p>El hombre que habitaba el inmueble, seg\u00fan fuentes del Consorcio, ha sufrido quemaduras de primer grado y de segundo grado en las manos.<\/p>  <p>Las labores de extinci\u00f3n han permitido controlar el incendio a las 12:22 horas y darlo por finalizado a las 13:17 horas. Adem\u00e1s de sofocar las llamas en la vivienda, los trabajos se han centrado en evitar que el fuego se propagara a la vegetaci\u00f3n existente en la zona, dada la proximidad de masa forestal.<\/p>  <p>En el operativo han participado una Unidad de Mando de Jefatura (UMJ) y una Bomba Urbana Pesada (BUP), con un dispositivo formado por un sargento, un cabo y cuatro bomberos del parque de Benidorm, adem\u00e1s de los servicios sanitarios de emergencia.<\/p> ","protected":false},"excerpt":{"rendered":"<p>Los seis gatos que se encontraban en la vivienda han muerto<\/p>\n","protected":false},"author":0,"featured_media":21369,"comment_status":"","ping_status":"open","sticky":false,"template":"","format":"standard","meta":{"_acf_changed":false,"footnotes":""},"categories":[1],"tags":[],"class_list":["post-21368","post","type-post","status-publish","format-standard","has-post-thumbnail","hentry","category-sin-categoria"],"acf":{"ser_id":"QQANNKJXTBFBBKLN23NWMCLN24","ser_url":"https:\/\/cadenaser.com\/comunitat-valenciana\/2026\/01\/09\/el-incendio-de-un-chalet-entre-callosa-y-guadalest-provoca-quemaduras-de-segundo-grado-a-un-hombre-de-70-anos-radio-benidorm\/"},"_links":{"self":[{"href":"https:\/\/serbenidorm.daliisolutions.com\/index.php\/wp-json\/wp\/v2\/posts\/21368","targetHints":{"allow":["GET"]}}],"collection":[{"href":"https:\/\/serbenidorm.daliisolutions.com\/index.php\/wp-json\/wp\/v2\/posts"}],"about":[{"href":"https:\/\/serbenidorm.daliisolutions.com\/index.php\/wp-json\/wp\/v2\/types\/post"}],"replies":[{"embeddable":true,"href":"https:\/\/serbenidorm.daliisolutions.com\/index.php\/wp-json\/wp\/v2\/comments?post=21368"}],"version-history":[{"count":0,"href":"https:\/\/serbenidorm.daliisolutions.com\/index.php\/wp-json\/wp\/v2\/posts\/21368\/revisions"}],"wp:featuredmedia":[{"embeddable":true,"href":"https:\/\/serbenidorm.daliisolutions.com\/index.php\/wp-json\/wp\/v2\/media\/21369"}],"wp:attachment":[{"href":"https:\/\/serbenidorm.daliisolutions.com\/index.php\/wp-json\/wp\/v2\/media?parent=21368"}],"wp:term":[{"taxonomy":"category","embeddable":true,"href":"https:\/\/serbenidorm.daliisolutions.com\/index.php\/wp-json\/wp\/v2\/categories?post=21368"},{"taxonomy":"post_tag","embeddable":true,"href":"https:\/\/serbenidorm.daliisolutions.com\/index.php\/wp-json\/wp\/v2\/tags?post=21368"}],"curies":[{"name":"wp","href":"https:\/\/api.w.org\/{rel}","templated":true}]}}