{"id":21391,"date":"2026-01-09T20:26:47","date_gmt":"2026-01-09T19:26:47","guid":{"rendered":"https:\/\/serbenidorm.daliisolutions.com\/index.php\/2026\/01\/09\/dos-hermanos-farmaceuticos-de-benidorm-conquistan-las-redes-con-consejos-de-salud-y-suman-mas-de-100-000-seguidores\/"},"modified":"2026-01-09T20:26:47","modified_gmt":"2026-01-09T19:26:47","slug":"dos-hermanos-farmaceuticos-de-benidorm-conquistan-las-redes-con-consejos-de-salud-y-suman-mas-de-100-000-seguidores","status":"publish","type":"post","link":"https:\/\/serbenidorm.daliisolutions.com\/index.php\/2026\/01\/09\/dos-hermanos-farmaceuticos-de-benidorm-conquistan-las-redes-con-consejos-de-salud-y-suman-mas-de-100-000-seguidores\/","title":{"rendered":"Dos hermanos farmac\u00e9uticos de Benidorm conquistan las redes con consejos de salud y suman m\u00e1s de 100.000 seguidores"},"content":{"rendered":" <p>Mar\u00eda y Vicente P\u00e9rez Colmenero son farmac\u00e9uticos, hermanos y vecinos de Benidorm, pero tambi\u00e9n se han convertido en una referencia en divulgaci\u00f3n sanitaria a trav\u00e9s de las redes sociales. Desde sus cuentas de Instagram y TikTok, donde superan los 100.000 seguidores, comparten consejos sobre suplementaci\u00f3n, salud digestiva y dermofarmacia con un lenguaje cercano y basado, importante, en la evidencia cient\u00edfica.<\/p>  <p>Uno de los contenidos que m\u00e1s inter\u00e9s genera entre su comunidad es el relacionado con el cuidado del organismo tras \u00e9pocas de excesos, como la Navidad. Mar\u00eda ha explicado en <a href=\"https:\/\/cadenaser.com\/tag\/benidorm\/a\/\" target=\"_blank\" rel=\"nofollow\" title=\"https:\/\/cadenaser.com\/tag\/benidorm\/a\/\">La Ventana de la Marina Baixa<\/a> que s\u00edntomas como el cansancio, la hinchaz\u00f3n o las digestiones pesadas pueden estar relacionados con la sobrecarga del h\u00edgado, motivo por el que desde la farmacia recomiendan, en determinados casos, apoyos digestivos y hep\u00e1ticos para ayudar al cuerpo a recuperarse.<\/p>  <p>Vicente, por su parte, se ha hecho especialmente popular por sus v\u00eddeos sobre suplementaci\u00f3n deportiva, como la creatina o la vitamina D, en los que explica de forma sencilla c\u00f3mo tomarlas correctamente para mejorar su absorci\u00f3n y eficacia. Algunos de estos contenidos se han viralizado y han generado numerosas consultas tanto en redes sociales como en sus propias farmacias.<\/p>  <p>Ambos coinciden en que la farmacia siempre ha sido el punto de salud m\u00e1s accesible para la poblaci\u00f3n y que las redes sociales les han permitido ampliar ese papel m\u00e1s all\u00e1 del mostrador. Empezaron a comunicar durante la pandemia y, tras dos a\u00f1os de trabajo constante y aprendizaje autodidacta, han logrado posicionarse como voces fiables frente a la sobreinformaci\u00f3n que circula en internet.<\/p>  <p>El reconocimiento de <i>Forbes<\/i>, que los incluye entre los 50 farmac\u00e9uticos m\u00e1s influyentes del pa\u00eds, ha sido uno de los hitos m\u00e1s destacados de este \u00faltimo a\u00f1o. Con dos farmacias en Benidorm, una en la calle Esperanto y otra en la zona de Poniente, Mar\u00eda y Vicente defienden un modelo de farmacia centrado en la prevenci\u00f3n, el autocuidado y la dermofarmacia, un \u00e1rea que, aseguran, marcar\u00e1 el futuro inmediato de la profesi\u00f3n.<\/p> ","protected":false},"excerpt":{"rendered":"<p>Mar\u00eda y Vicente P\u00e9rez Colmenero, reconocidos por Forbes entre los farmac\u00e9uticos m\u00e1s influyentes de Espa\u00f1a, explican c\u00f3mo han llevado su mostrador a Instagram y TikTok<\/p>\n","protected":false},"author":0,"featured_media":21392,"comment_status":"","ping_status":"open","sticky":false,"template":"","format":"standard","meta":{"_acf_changed":false,"footnotes":""},"categories":[1],"tags":[],"class_list":["post-21391","post","type-post","status-publish","format-standard","has-post-thumbnail","hentry","category-sin-categoria"],"acf":{"ser_id":"DFYZHPGJGJAK3IRI7VOOFES4YA","ser_url":"https:\/\/cadenaser.com\/comunitat-valenciana\/2026\/01\/09\/dos-hermanos-farmaceuticos-de-benidorm-conquistan-las-redes-con-consejos-de-salud-y-suman-mas-de-100000-seguidores-radio-benidorm\/"},"_links":{"self":[{"href":"https:\/\/serbenidorm.daliisolutions.com\/index.php\/wp-json\/wp\/v2\/posts\/21391","targetHints":{"allow":["GET"]}}],"collection":[{"href":"https:\/\/serbenidorm.daliisolutions.com\/index.php\/wp-json\/wp\/v2\/posts"}],"about":[{"href":"https:\/\/serbenidorm.daliisolutions.com\/index.php\/wp-json\/wp\/v2\/types\/post"}],"replies":[{"embeddable":true,"href":"https:\/\/serbenidorm.daliisolutions.com\/index.php\/wp-json\/wp\/v2\/comments?post=21391"}],"version-history":[{"count":0,"href":"https:\/\/serbenidorm.daliisolutions.com\/index.php\/wp-json\/wp\/v2\/posts\/21391\/revisions"}],"wp:featuredmedia":[{"embeddable":true,"href":"https:\/\/serbenidorm.daliisolutions.com\/index.php\/wp-json\/wp\/v2\/media\/21392"}],"wp:attachment":[{"href":"https:\/\/serbenidorm.daliisolutions.com\/index.php\/wp-json\/wp\/v2\/media?parent=21391"}],"wp:term":[{"taxonomy":"category","embeddable":true,"href":"https:\/\/serbenidorm.daliisolutions.com\/index.php\/wp-json\/wp\/v2\/categories?post=21391"},{"taxonomy":"post_tag","embeddable":true,"href":"https:\/\/serbenidorm.daliisolutions.com\/index.php\/wp-json\/wp\/v2\/tags?post=21391"}],"curies":[{"name":"wp","href":"https:\/\/api.w.org\/{rel}","templated":true}]}}