{"id":21407,"date":"2026-01-11T12:19:27","date_gmt":"2026-01-11T11:19:27","guid":{"rendered":"https:\/\/serbenidorm.daliisolutions.com\/index.php\/2026\/01\/11\/el-servigroup-benidorm-suma-tres-puntos-de-oro-en-el-reinicio-de-la-superliga\/"},"modified":"2026-01-11T12:19:27","modified_gmt":"2026-01-11T11:19:27","slug":"el-servigroup-benidorm-suma-tres-puntos-de-oro-en-el-reinicio-de-la-superliga","status":"publish","type":"post","link":"https:\/\/serbenidorm.daliisolutions.com\/index.php\/2026\/01\/11\/el-servigroup-benidorm-suma-tres-puntos-de-oro-en-el-reinicio-de-la-superliga\/","title":{"rendered":"El Servigroup Benidorm suma tres puntos de oro en el reinicio de la Superliga"},"content":{"rendered":" <p>El Servigroup Benidorm retomaba este s\u00e1bado la Superliga Masculina de voleibol recibiendo al San Roque en el Palau d\u2019Esports en lo que fue el debut en casa del nuevo entrenador benidormense, Mat\u00edas Guidolin, que no pudo estrenarse de mejor manera que logrando la primera victoria por 3-0 (25-20, 27-25 y 25-23) y, sobre todo, sumando tres puntos de oro ante un rival directo como el San Roque.<\/p>  <p>Apoyados, una vez m\u00e1s, en un extraordinario Miguel \u00c1ngel Mart\u00ednez, los benidormenses s\u00f3lo sufrieron en el segundo set, cuando el equipo canario lleg\u00f3 a ponerse hasta con cinco puntos de ventaja en el marcador. Tras un primer parcial en el que el dominio local hab\u00eda sido absoluto, esa segunda manga del choque se complic\u00f3 de manera extraordinaria hasta que, ya en su tramo final, el equipo se conjur\u00f3 para darle la vuelta con un parcial final de 27-25 que dejaba el choque absolutamente encarrilado.<\/p>  <p>As\u00ed, en el tercer set, el Servigroup Benidorm volvi\u00f3 a ser ese equipo francamente superior a su rival para terminar el choque por la v\u00eda r\u00e1pida y sumar tres puntos clave que alejan a los de Guidolin un poco m\u00e1s del descenso nada m\u00e1s comenzar la segunda vuelta.<\/p>  <p>La pr\u00f3xima parada de esta temporada espera ya la semana que viene con la visita a La Laguna (s\u00e1bado, 17:00 horas), actual s\u00e9ptimo clasificado con s\u00f3lo tres puntos m\u00e1s que los benidormenses.<\/p> ","protected":false},"excerpt":{"rendered":"<p>El equipo de Mat\u00edas Guidolin sum\u00f3 su primera victoria por 3-0 de la temporada<\/p>\n","protected":false},"author":0,"featured_media":21408,"comment_status":"","ping_status":"open","sticky":false,"template":"","format":"standard","meta":{"_acf_changed":false,"footnotes":""},"categories":[16],"tags":[],"class_list":["post-21407","post","type-post","status-publish","format-standard","has-post-thumbnail","hentry","category-deportes"],"acf":{"ser_id":"BR63XV6V4BHCFHJUNVOPLG7HWQ","ser_url":"https:\/\/cadenaser.com\/comunitat-valenciana\/2026\/01\/11\/el-servigroup-benidorm-suma-tres-puntos-de-oro-en-el-reinicio-de-la-superliga-radio-benidorm\/"},"_links":{"self":[{"href":"https:\/\/serbenidorm.daliisolutions.com\/index.php\/wp-json\/wp\/v2\/posts\/21407","targetHints":{"allow":["GET"]}}],"collection":[{"href":"https:\/\/serbenidorm.daliisolutions.com\/index.php\/wp-json\/wp\/v2\/posts"}],"about":[{"href":"https:\/\/serbenidorm.daliisolutions.com\/index.php\/wp-json\/wp\/v2\/types\/post"}],"replies":[{"embeddable":true,"href":"https:\/\/serbenidorm.daliisolutions.com\/index.php\/wp-json\/wp\/v2\/comments?post=21407"}],"version-history":[{"count":0,"href":"https:\/\/serbenidorm.daliisolutions.com\/index.php\/wp-json\/wp\/v2\/posts\/21407\/revisions"}],"wp:featuredmedia":[{"embeddable":true,"href":"https:\/\/serbenidorm.daliisolutions.com\/index.php\/wp-json\/wp\/v2\/media\/21408"}],"wp:attachment":[{"href":"https:\/\/serbenidorm.daliisolutions.com\/index.php\/wp-json\/wp\/v2\/media?parent=21407"}],"wp:term":[{"taxonomy":"category","embeddable":true,"href":"https:\/\/serbenidorm.daliisolutions.com\/index.php\/wp-json\/wp\/v2\/categories?post=21407"},{"taxonomy":"post_tag","embeddable":true,"href":"https:\/\/serbenidorm.daliisolutions.com\/index.php\/wp-json\/wp\/v2\/tags?post=21407"}],"curies":[{"name":"wp","href":"https:\/\/api.w.org\/{rel}","templated":true}]}}