{"id":21409,"date":"2026-01-11T12:19:29","date_gmt":"2026-01-11T11:19:29","guid":{"rendered":"https:\/\/serbenidorm.daliisolutions.com\/index.php\/2026\/01\/11\/la-elite-del-ciclismo-volvera-a-la-nucia-con-la-classica-comunitat-valenciana\/"},"modified":"2026-01-11T12:19:29","modified_gmt":"2026-01-11T11:19:29","slug":"la-elite-del-ciclismo-volvera-a-la-nucia-con-la-classica-comunitat-valenciana","status":"publish","type":"post","link":"https:\/\/serbenidorm.daliisolutions.com\/index.php\/2026\/01\/11\/la-elite-del-ciclismo-volvera-a-la-nucia-con-la-classica-comunitat-valenciana\/","title":{"rendered":"La \u00e9lite del ciclismo volver\u00e1 a La Nuc\u00eda con la Cl\u00e0ssica Comunitat Valenciana"},"content":{"rendered":" <p>Mientras que el ciclocross, la especialidad invernal del ciclismo, afronta ya el tramo final de la temporada con la disputa, por este orden, de los campeonatos nacionales, la Copa del Mundo de Benidorm (18 de enero) o el Mundial; la ruta asoma ya en el horizonte y lo hace, como todos los a\u00f1os, con la Comunitat Valenciana como protagonista.<\/p>  <p>De hecho, mientras la mayor parte de equipos y grandes estrellas realizan estos d\u00edas sus concentraciones invernales en la Costa Blanca; la temporada europea echar\u00e1 a rodar en tierras valencianas con la celebraci\u00f3n de la Cl\u00e0ssica Camp de Morvedre (23 de enero), Ruta de la Cer\u00e1mica (24 de enero) y la Cl\u00e0ssica Comunitat Valenciana-1969 (25 de enero).<\/p>  <p>Esta \u00faltima, que en 2026 cumple su sexta edici\u00f3n desde que en 2021 se retomara su historia (es la heredera del antiguo GP Luis Puig); partir\u00e1 este a\u00f1o desde La Nuc\u00eda para, tras cubrir los 200 kil\u00f3metros de recorrido, llegar a la ciudad de Valencia.<\/p>  <p>La mayor dificultad de la jornada llegar\u00e1 en su tramo inicial ya que nada m\u00e1s partir desde la Ciutat Esportiva Camilo Cano el pelot\u00f3n comenzar\u00e1 el ascenso al Alto de T\u00e1rbena, no puntuable en esta ocasi\u00f3n, y, acto seguido, el Coll de Rates, de segunda categor\u00eda. <\/p>  <p>Tras el primer descenso, se subir\u00e1 a Fageca que, con sus 769 metros sobre el nivel del mar (aunque no puntuable para la Monta\u00f1a), ser\u00e1 el techo de una prueba que desde ese punto y con la salvedad del ascenso al Coll del Raconet, una tachuela de tercera categor\u00eda, transcurrir\u00e1 ya de manera ininterrumpida por terreno favorable.<\/p>  <p>As\u00ed las cosas, parece muy complicado que, como siempre que se llega a Valencia, se pueda evitar la disputa de la victora al sprint. El a\u00f1o pasado, cuando se disput\u00f3 en sentido inverso, el ganador fue el suizo Marc Hirschi.<\/p> ","protected":false},"excerpt":{"rendered":"<p>Ser\u00e1 una de las primeras pruebas del calendario europeo con meta en la ciudad de Valencia<\/p>\n","protected":false},"author":0,"featured_media":21410,"comment_status":"","ping_status":"open","sticky":false,"template":"","format":"standard","meta":{"_acf_changed":false,"footnotes":""},"categories":[16],"tags":[],"class_list":["post-21409","post","type-post","status-publish","format-standard","has-post-thumbnail","hentry","category-deportes"],"acf":{"ser_id":"6XJDYMOJPBFJLLOJXBZ5CP277M","ser_url":"https:\/\/cadenaser.com\/comunitat-valenciana\/2026\/01\/11\/la-elite-del-ciclismo-volvera-a-la-nucia-con-la-classica-comunitat-valenciana-radio-benidorm\/"},"_links":{"self":[{"href":"https:\/\/serbenidorm.daliisolutions.com\/index.php\/wp-json\/wp\/v2\/posts\/21409","targetHints":{"allow":["GET"]}}],"collection":[{"href":"https:\/\/serbenidorm.daliisolutions.com\/index.php\/wp-json\/wp\/v2\/posts"}],"about":[{"href":"https:\/\/serbenidorm.daliisolutions.com\/index.php\/wp-json\/wp\/v2\/types\/post"}],"replies":[{"embeddable":true,"href":"https:\/\/serbenidorm.daliisolutions.com\/index.php\/wp-json\/wp\/v2\/comments?post=21409"}],"version-history":[{"count":0,"href":"https:\/\/serbenidorm.daliisolutions.com\/index.php\/wp-json\/wp\/v2\/posts\/21409\/revisions"}],"wp:featuredmedia":[{"embeddable":true,"href":"https:\/\/serbenidorm.daliisolutions.com\/index.php\/wp-json\/wp\/v2\/media\/21410"}],"wp:attachment":[{"href":"https:\/\/serbenidorm.daliisolutions.com\/index.php\/wp-json\/wp\/v2\/media?parent=21409"}],"wp:term":[{"taxonomy":"category","embeddable":true,"href":"https:\/\/serbenidorm.daliisolutions.com\/index.php\/wp-json\/wp\/v2\/categories?post=21409"},{"taxonomy":"post_tag","embeddable":true,"href":"https:\/\/serbenidorm.daliisolutions.com\/index.php\/wp-json\/wp\/v2\/tags?post=21409"}],"curies":[{"name":"wp","href":"https:\/\/api.w.org\/{rel}","templated":true}]}}