{"id":21421,"date":"2026-01-12T10:26:50","date_gmt":"2026-01-12T09:26:50","guid":{"rendered":"https:\/\/serbenidorm.daliisolutions.com\/index.php\/2026\/01\/12\/felipe-orts-suma-su-octavo-titulo-de-campeon-de-espana-en-tarancon\/"},"modified":"2026-01-12T10:26:50","modified_gmt":"2026-01-12T09:26:50","slug":"felipe-orts-suma-su-octavo-titulo-de-campeon-de-espana-en-tarancon","status":"publish","type":"post","link":"https:\/\/serbenidorm.daliisolutions.com\/index.php\/2026\/01\/12\/felipe-orts-suma-su-octavo-titulo-de-campeon-de-espana-en-tarancon\/","title":{"rendered":"Felipe Orts suma su octavo t\u00edtulo de Campe\u00f3n de Espa\u00f1a en Taranc\u00f3n"},"content":{"rendered":" <p>Felipe Orts sigue sin encontrar rival en Espa\u00f1a y este domingo sumaba, con absoluta superioridad sobre todos sus rivales, su octavo t\u00edtulo de campe\u00f3n nacional en Taranc\u00f3n, abriendo todav\u00eda m\u00e1s hueco en el palmar\u00e9s hist\u00f3rico respecto a David Seco y Jos\u00e9 Luis Talamillo que, con seis oros cada uno, eran los m\u00e1s laureados hasta la irrupci\u00f3n del astro vilero en el \u00e1mbito masculino. Ahora, adem\u00e1s, supera tambi\u00e9n a Aida Nu\u00f1o, que con siete campeonatos femeninos era la \u00fanica que igualaba al ciclista del Ridley Racing Team.<\/p>  <p>Orts, que ya se hab\u00eda colgado el oro en la prueba de relevos por selecciones auton\u00f3micas el viernes defendiendo los intereses de la Comunitat Valenciana, redonde\u00f3 el fin de semana del Campeonato de Espa\u00f1a con su octavo t\u00edtulo como profesional, todos ellos consecutivos.<\/p>  <p>Ni tan siquiera el error cometido en la salida pudo comprometer la carrera de un Felipe Orts que no dio opci\u00f3n a sus rivales imponiendo su fort\u00edsimo ritmo ya desde el primer giro. El de La Vila Joiosa impuso un ritmo que nadie pudo seguir para acabar entrando en meta en solitario. <\/p>  <p>Por detr\u00e1s, Kevin Su\u00e1rez (Nesta) y Mario Junquera (Unicaja) han mantenido una bonita batalla por el subcampeonato, con Su\u00e1rez yendo claramente de menos a m\u00e1s para remontar al asturiano y consolidarse como la segunda gran referencia nacional. Junquera ha ocupado finalmente el tercer caj\u00f3n del podio.<\/p>  <p>Tras una gran gira navide\u00f1a en la que Orts no baj\u00f3 del top10 en ninguna de las nueve carreras disputadas en B\u00e9lgica salvo en Gavere, donde tuvo uno de sus peores d\u00edas de los \u00faltimos a\u00f1os, y rubricada con el podio de Mol; este triunfo vuelve a dejar de manifiesto el gran golpe de pedal con el que llega Felipe Orts a la Copa del Mundo de Benidorm, que se disputar\u00e1 el pr\u00f3ximo domingo en el renovad\u00edsimo circuito de los parques de El Moralet y Foietes.<\/p> ","protected":false},"excerpt":{"rendered":"<p>El corredor de La Vila Joiosa sigue haciendo historia y muestra un gran golpe de pedal antes de la cita de Benidorm<\/p>\n","protected":false},"author":0,"featured_media":21422,"comment_status":"","ping_status":"open","sticky":false,"template":"","format":"standard","meta":{"_acf_changed":false,"footnotes":""},"categories":[16],"tags":[],"class_list":["post-21421","post","type-post","status-publish","format-standard","has-post-thumbnail","hentry","category-deportes"],"acf":{"ser_id":"6P324L3LGBHTDLPV3IK7D4FB2Q","ser_url":"https:\/\/cadenaser.com\/comunitat-valenciana\/2026\/01\/12\/felipe-orts-suma-su-octavo-titulo-de-campeon-de-espana-en-tarancon-radio-benidorm\/"},"_links":{"self":[{"href":"https:\/\/serbenidorm.daliisolutions.com\/index.php\/wp-json\/wp\/v2\/posts\/21421","targetHints":{"allow":["GET"]}}],"collection":[{"href":"https:\/\/serbenidorm.daliisolutions.com\/index.php\/wp-json\/wp\/v2\/posts"}],"about":[{"href":"https:\/\/serbenidorm.daliisolutions.com\/index.php\/wp-json\/wp\/v2\/types\/post"}],"replies":[{"embeddable":true,"href":"https:\/\/serbenidorm.daliisolutions.com\/index.php\/wp-json\/wp\/v2\/comments?post=21421"}],"version-history":[{"count":0,"href":"https:\/\/serbenidorm.daliisolutions.com\/index.php\/wp-json\/wp\/v2\/posts\/21421\/revisions"}],"wp:featuredmedia":[{"embeddable":true,"href":"https:\/\/serbenidorm.daliisolutions.com\/index.php\/wp-json\/wp\/v2\/media\/21422"}],"wp:attachment":[{"href":"https:\/\/serbenidorm.daliisolutions.com\/index.php\/wp-json\/wp\/v2\/media?parent=21421"}],"wp:term":[{"taxonomy":"category","embeddable":true,"href":"https:\/\/serbenidorm.daliisolutions.com\/index.php\/wp-json\/wp\/v2\/categories?post=21421"},{"taxonomy":"post_tag","embeddable":true,"href":"https:\/\/serbenidorm.daliisolutions.com\/index.php\/wp-json\/wp\/v2\/tags?post=21421"}],"curies":[{"name":"wp","href":"https:\/\/api.w.org\/{rel}","templated":true}]}}