{"id":21427,"date":"2026-01-12T10:56:52","date_gmt":"2026-01-12T09:56:52","guid":{"rendered":"https:\/\/serbenidorm.daliisolutions.com\/index.php\/2026\/01\/12\/el-c-f-la-nucia-sigue-con-su-buena-racha-y-mira-ya-a-los-puestos-de-ascenso\/"},"modified":"2026-01-12T10:56:52","modified_gmt":"2026-01-12T09:56:52","slug":"el-c-f-la-nucia-sigue-con-su-buena-racha-y-mira-ya-a-los-puestos-de-ascenso","status":"publish","type":"post","link":"https:\/\/serbenidorm.daliisolutions.com\/index.php\/2026\/01\/12\/el-c-f-la-nucia-sigue-con-su-buena-racha-y-mira-ya-a-los-puestos-de-ascenso\/","title":{"rendered":"El C.F. La Nuc\u00eda sigue con su buena racha y mira ya a los puestos de ascenso"},"content":{"rendered":" <p>Volvi\u00f3 el f\u00fatbol a la Marina Baixa y lo hizo con un gran fin de semana para los dos m\u00e1ximos exponentes del balompi\u00e9 en la comarca. As\u00ed, el C.F. La Nuc\u00eda confirm\u00f3 las buenas sensaciones con las que se march\u00f3 al par\u00f3n navide\u00f1o y sum\u00f3 su cuarto partido invicto (tres victorias y un empate) dejando ya atr\u00e1s la grave crisis de resultados que llev\u00f3 a los rojillos, incluso, a coquetear con los puestos de descenso.<\/p>  <p>Tras la victoria conseguida este domingo por 0-1 en la cancha del Catarroja, el equipo de Vicente Mir ya no s\u00f3lo ha abierto un gran hueco con la zona baja de la clasificaci\u00f3n, sino que toma impulso para no s\u00f3lo so\u00f1ar, sino aspirar de manera seria a meterse en los puestos de promoci\u00f3n de ascenso en un futuro pr\u00f3ximo.<\/p>  <p>Los del Camilo Cano ocupan ahora la octava posici\u00f3n con 22 puntos, s\u00f3lo cuatro menos que el Bu\u00f1ol, quinto clasificado y, por lo tanto, el equipo que marca la frontera de ese objetivo de lograr el ascenso.<\/p>  <p>Tambi\u00e9n le fueron muy bien las cosas al C.F. Benidorm, que volv\u00eda al Guillermo Amor para v\u00e9rselas con el colista de la clasificaci\u00f3n, un Mutxamel que nada pudo hacer ante el empuje de los de Javier Vidales, que acabaron llev\u00e1ndose la victoria por 4-0.<\/p>  <p>Ese triunfo mantiene a los benidormenses en el liderato de la clasificaci\u00f3n con tres puntos m\u00e1s que el Torrevieja y siete m\u00e1s que el Eldense B, tercer clasificado y pr\u00f3ximo rival del Benidorm.<\/p> ","protected":false},"excerpt":{"rendered":"<p>El C.F. Benidorm no dio opci\u00f3n al Mutxamel y sigue en el liderato<\/p>\n","protected":false},"author":0,"featured_media":21428,"comment_status":"","ping_status":"open","sticky":false,"template":"","format":"standard","meta":{"_acf_changed":false,"footnotes":""},"categories":[16],"tags":[],"class_list":["post-21427","post","type-post","status-publish","format-standard","has-post-thumbnail","hentry","category-deportes"],"acf":{"ser_id":"VPSN4WPEOVFFDGEKU3IVUIGG6I","ser_url":"https:\/\/cadenaser.com\/comunitat-valenciana\/2026\/01\/12\/el-cf-la-nucia-sigue-con-su-buena-racha-y-mira-ya-a-los-puestos-de-ascenso-radio-benidorm\/"},"_links":{"self":[{"href":"https:\/\/serbenidorm.daliisolutions.com\/index.php\/wp-json\/wp\/v2\/posts\/21427","targetHints":{"allow":["GET"]}}],"collection":[{"href":"https:\/\/serbenidorm.daliisolutions.com\/index.php\/wp-json\/wp\/v2\/posts"}],"about":[{"href":"https:\/\/serbenidorm.daliisolutions.com\/index.php\/wp-json\/wp\/v2\/types\/post"}],"replies":[{"embeddable":true,"href":"https:\/\/serbenidorm.daliisolutions.com\/index.php\/wp-json\/wp\/v2\/comments?post=21427"}],"version-history":[{"count":0,"href":"https:\/\/serbenidorm.daliisolutions.com\/index.php\/wp-json\/wp\/v2\/posts\/21427\/revisions"}],"wp:featuredmedia":[{"embeddable":true,"href":"https:\/\/serbenidorm.daliisolutions.com\/index.php\/wp-json\/wp\/v2\/media\/21428"}],"wp:attachment":[{"href":"https:\/\/serbenidorm.daliisolutions.com\/index.php\/wp-json\/wp\/v2\/media?parent=21427"}],"wp:term":[{"taxonomy":"category","embeddable":true,"href":"https:\/\/serbenidorm.daliisolutions.com\/index.php\/wp-json\/wp\/v2\/categories?post=21427"},{"taxonomy":"post_tag","embeddable":true,"href":"https:\/\/serbenidorm.daliisolutions.com\/index.php\/wp-json\/wp\/v2\/tags?post=21427"}],"curies":[{"name":"wp","href":"https:\/\/api.w.org\/{rel}","templated":true}]}}