{"id":21435,"date":"2026-01-12T15:05:54","date_gmt":"2026-01-12T14:05:54","guid":{"rendered":"https:\/\/serbenidorm.daliisolutions.com\/index.php\/2026\/01\/12\/el-ayuntamiento-de-benidorm-estudia-recurrir-el-ultimo-reves-judicial-por-serra-gelada\/"},"modified":"2026-01-12T15:05:54","modified_gmt":"2026-01-12T14:05:54","slug":"el-ayuntamiento-de-benidorm-estudia-recurrir-el-ultimo-reves-judicial-por-serra-gelada","status":"publish","type":"post","link":"https:\/\/serbenidorm.daliisolutions.com\/index.php\/2026\/01\/12\/el-ayuntamiento-de-benidorm-estudia-recurrir-el-ultimo-reves-judicial-por-serra-gelada\/","title":{"rendered":"El Ayuntamiento de Benidorm estudia recurrir el \u00faltimo rev\u00e9s judicial por Serra Gelada"},"content":{"rendered":" <p>El Ayuntamiento de Benidorm estudia recurrir la \u00faltima sentencia del Tribunal Superior de Justicia de la Comunitat Valenciana. Sentencia que da por v\u00e1lidos y eficaces los convenios urban\u00edsticos de Serra Gelada.<\/p>  <p>Se trata de los mismos convenios que han derivado en la condena al consistorio a pagar <a href=\"https:\/\/cadenaser.com\/comunitat-valenciana\/2025\/04\/03\/el-supremo-desestima-el-recurso-de-benidorm-y-condena-al-ayuntamiento-a-pagar-mas-de-300-millones-a-la-familia-murcia-puchades-radio-benidorm\/\" target=\"_blank\" rel=\"nofollow\" title=\"https:\/\/cadenaser.com\/comunitat-valenciana\/2025\/04\/03\/el-supremo-desestima-el-recurso-de-benidorm-y-condena-al-ayuntamiento-a-pagar-mas-de-300-millones-a-la-familia-murcia-puchades-radio-benidorm\/\">m\u00e1s de 350 millones de euros a la familia Murcia Puchades por los suelos del sector APR-7 incluido en el parque natural y que sigue recurrida al Tribunal Constitucional<\/a>. <\/p>  <p>En un proceso paralelo el alcalde se mantiene en la misma l\u00ednea y deja la decisi\u00f3n en manos de los t\u00e9cnicos municipales y su criterio; lo contrario, dice, ser\u00eda prevaricar: \u00abLlamada a la prudencia por parte de todos porque estamos hablando de cosas pendientes de ser juzgadas y por lo tanto tampoco podemos desvelar la estrategia\u00bb.<\/p>  <p>P\u00e9rez ha vuelto a reconocer este lunes lo delicado de la situaci\u00f3n pero asegura que no se ha planteado todav\u00eda el escenario del pago de esa indemnizaci\u00f3n hist\u00f3rica: \u00abNo ha habido ninguna indicaci\u00f3n t\u00e9cnica que nos indique que debemos iniciar ese camino\u00bb, ha subrayado.<\/p>  <p>El alcalde ha presumido de transparencia y de haber dado cuenta inmediata a todos los grupos pol\u00edticos de cada novedad, pero el principal partido de la oposici\u00f3n, el PSOE, habla de lo contrario, de opacidad, y acusa al primer edil de rechazar que el gabinete jur\u00eddico contratado por el Ayuntamiento comparezca en Comisi\u00f3n Informativa para explicar a la corporaci\u00f3n la situaci\u00f3n.<\/p>  <p>Cristina Escoda denuncia que el alcalde \u00abest\u00e1 desorientado tras tumbar las \u00faltimas resoluciones su hoja de ruta\u00bb y en comisiones \u00abse ha dedicado a insultar a la oposici\u00f3n\u00bb. Los servicios jur\u00eddicos del PSOE, ha a\u00f1adido su portavoz, estudiar\u00e1n el acta de las sesiones de esta ma\u00f1ana por si cabe interponer acciones judiciales<\/p> ","protected":false},"excerpt":{"rendered":"<p>El TSJCV da por v\u00e1lidos los convenios urban\u00edsticos tras la condena a pagar m\u00e1s de 350 millones de euros a los propietarios del APR-7 que el consistorio ya ha recurrido al Tribunal Constitucional<\/p>\n","protected":false},"author":0,"featured_media":21436,"comment_status":"","ping_status":"open","sticky":false,"template":"","format":"standard","meta":{"_acf_changed":false,"footnotes":""},"categories":[1],"tags":[],"class_list":["post-21435","post","type-post","status-publish","format-standard","has-post-thumbnail","hentry","category-sin-categoria"],"acf":{"ser_id":"FXISZ3WVCNHRPIE5IW43JW7UJA","ser_url":"https:\/\/cadenaser.com\/comunitat-valenciana\/2026\/01\/12\/el-ayuntamiento-de-benidorm-estudia-recurrir-el-ultimo-reves-judicial-por-serra-gelada-radio-benidorm\/"},"_links":{"self":[{"href":"https:\/\/serbenidorm.daliisolutions.com\/index.php\/wp-json\/wp\/v2\/posts\/21435","targetHints":{"allow":["GET"]}}],"collection":[{"href":"https:\/\/serbenidorm.daliisolutions.com\/index.php\/wp-json\/wp\/v2\/posts"}],"about":[{"href":"https:\/\/serbenidorm.daliisolutions.com\/index.php\/wp-json\/wp\/v2\/types\/post"}],"replies":[{"embeddable":true,"href":"https:\/\/serbenidorm.daliisolutions.com\/index.php\/wp-json\/wp\/v2\/comments?post=21435"}],"version-history":[{"count":0,"href":"https:\/\/serbenidorm.daliisolutions.com\/index.php\/wp-json\/wp\/v2\/posts\/21435\/revisions"}],"wp:featuredmedia":[{"embeddable":true,"href":"https:\/\/serbenidorm.daliisolutions.com\/index.php\/wp-json\/wp\/v2\/media\/21436"}],"wp:attachment":[{"href":"https:\/\/serbenidorm.daliisolutions.com\/index.php\/wp-json\/wp\/v2\/media?parent=21435"}],"wp:term":[{"taxonomy":"category","embeddable":true,"href":"https:\/\/serbenidorm.daliisolutions.com\/index.php\/wp-json\/wp\/v2\/categories?post=21435"},{"taxonomy":"post_tag","embeddable":true,"href":"https:\/\/serbenidorm.daliisolutions.com\/index.php\/wp-json\/wp\/v2\/tags?post=21435"}],"curies":[{"name":"wp","href":"https:\/\/api.w.org\/{rel}","templated":true}]}}