{"id":21446,"date":"2026-01-12T19:36:28","date_gmt":"2026-01-12T18:36:28","guid":{"rendered":"https:\/\/serbenidorm.daliisolutions.com\/index.php\/2026\/01\/12\/el-psoe-de-la-marina-baixa-denuncia-que-las-derivaciones-a-hospitales-privados-de-benidorm-se-han-multiplicado-por-cuatro\/"},"modified":"2026-01-12T19:36:28","modified_gmt":"2026-01-12T18:36:28","slug":"el-psoe-de-la-marina-baixa-denuncia-que-las-derivaciones-a-hospitales-privados-de-benidorm-se-han-multiplicado-por-cuatro","status":"publish","type":"post","link":"https:\/\/serbenidorm.daliisolutions.com\/index.php\/2026\/01\/12\/el-psoe-de-la-marina-baixa-denuncia-que-las-derivaciones-a-hospitales-privados-de-benidorm-se-han-multiplicado-por-cuatro\/","title":{"rendered":"El PSOE de la Marina Baixa denuncia que las derivaciones a hospitales privados de Benidorm se han multiplicado por cuatro"},"content":{"rendered":" <p>La diputada Mayte Garc\u00eda ha denunciado que se han disparado el n\u00famero de pacientes enviados desde el <a href=\"https:\/\/cadenaser.com\/tag\/benidorm\/a\/\" target=\"_blank\" rel=\"nofollow\" title=\"https:\/\/cadenaser.com\/tag\/benidorm\/a\/\">Hospital Marina Baixa, en La Vila Joiosa<\/a>, a centros privados de Benidorm, pasando de unas 50 personas al mes a cerca de 200 mensuales, seg\u00fan datos a los que ha tenido acceso el PSPV-PSOE.<\/p>  <p>Garc\u00eda ha advertido de que esta situaci\u00f3n consolida un modelo que prioriza la sanidad privada frente al refuerzo de la p\u00fablica: \u201cEn la Marina Baixa se est\u00e1 normalizando sacar pacientes del sistema p\u00fablico en lugar de invertir en reforzarlo como viene ocurriendo ya en otros territorios\u201d, ha se\u00f1alado. <\/p>  <p>La diputada ha recordado que estas derivaciones se producen sin criterios p\u00fablicos claros, tal y como ha advertido la Sindicatura de Comptes, que ha alertado de la falta de regulaci\u00f3n, de control del gasto y de informaci\u00f3n completa sobre las intervenciones realizadas en centros privados.<\/p>  <p>Adem\u00e1s, Garc\u00eda ha exigido explicaciones a la Conselleria de Sanidad ante la gesti\u00f3n por parte de un familiar directo del conseller de uno de los hospitales privados de Benidorm que recibe pacientes del sistema p\u00fablico: \u201cNo hacemos acusaciones, pero cuando hay dinero p\u00fablico y v\u00ednculos familiares, la transparencia es obligatoria\u201d, ha concluido.<\/p>  <p>Garc\u00eda ha terminado afirmando que no sirve la excusa de las obras del hospital de La Vila Joiosa, ya que es el actual gobierno del Partido Popular quien las est\u00e1 alargando al m\u00e1ximo, con el consiguiente sobrecoste para las arcas p\u00fablicas.<\/p> ","protected":false},"excerpt":{"rendered":"<p>De 50 a casi 200 pacientes al mes<\/p>\n","protected":false},"author":0,"featured_media":21447,"comment_status":"","ping_status":"open","sticky":false,"template":"","format":"standard","meta":{"_acf_changed":false,"footnotes":""},"categories":[1],"tags":[],"class_list":["post-21446","post","type-post","status-publish","format-standard","has-post-thumbnail","hentry","category-sin-categoria"],"acf":{"ser_id":"6ZWN3X7RO5AWTL5MBDBGXDZH7Y","ser_url":"https:\/\/cadenaser.com\/comunitat-valenciana\/2026\/01\/12\/el-psoe-de-la-marina-baixa-denuncia-que-las-derivaciones-a-hospitales-privados-de-benidorm-se-han-multiplicado-por-cuatro-radio-benidorm\/"},"_links":{"self":[{"href":"https:\/\/serbenidorm.daliisolutions.com\/index.php\/wp-json\/wp\/v2\/posts\/21446","targetHints":{"allow":["GET"]}}],"collection":[{"href":"https:\/\/serbenidorm.daliisolutions.com\/index.php\/wp-json\/wp\/v2\/posts"}],"about":[{"href":"https:\/\/serbenidorm.daliisolutions.com\/index.php\/wp-json\/wp\/v2\/types\/post"}],"replies":[{"embeddable":true,"href":"https:\/\/serbenidorm.daliisolutions.com\/index.php\/wp-json\/wp\/v2\/comments?post=21446"}],"version-history":[{"count":0,"href":"https:\/\/serbenidorm.daliisolutions.com\/index.php\/wp-json\/wp\/v2\/posts\/21446\/revisions"}],"wp:featuredmedia":[{"embeddable":true,"href":"https:\/\/serbenidorm.daliisolutions.com\/index.php\/wp-json\/wp\/v2\/media\/21447"}],"wp:attachment":[{"href":"https:\/\/serbenidorm.daliisolutions.com\/index.php\/wp-json\/wp\/v2\/media?parent=21446"}],"wp:term":[{"taxonomy":"category","embeddable":true,"href":"https:\/\/serbenidorm.daliisolutions.com\/index.php\/wp-json\/wp\/v2\/categories?post=21446"},{"taxonomy":"post_tag","embeddable":true,"href":"https:\/\/serbenidorm.daliisolutions.com\/index.php\/wp-json\/wp\/v2\/tags?post=21446"}],"curies":[{"name":"wp","href":"https:\/\/api.w.org\/{rel}","templated":true}]}}