{"id":21459,"date":"2026-01-13T11:56:22","date_gmt":"2026-01-13T10:56:22","guid":{"rendered":"https:\/\/serbenidorm.daliisolutions.com\/index.php\/2026\/01\/13\/van-der-poel-del-grosso-brand-y-alvarado-lideran-la-poderosa-seleccion-neerlandesa-para-benidorm\/"},"modified":"2026-01-13T11:56:22","modified_gmt":"2026-01-13T10:56:22","slug":"van-der-poel-del-grosso-brand-y-alvarado-lideran-la-poderosa-seleccion-neerlandesa-para-benidorm","status":"publish","type":"post","link":"https:\/\/serbenidorm.daliisolutions.com\/index.php\/2026\/01\/13\/van-der-poel-del-grosso-brand-y-alvarado-lideran-la-poderosa-seleccion-neerlandesa-para-benidorm\/","title":{"rendered":"Van der Poel, Del Grosso, Brand y Alvarado lideran la poderosa selecci\u00f3n neerlandesa para Benidorm"},"content":{"rendered":" <p>La Federaci\u00f3n Neerlandesa de ciclismo ha anunciado este mismo lunes su convocatoria para la disputa de la Copa del Mundo de ciclocross de Benidorm que el pr\u00f3ximo domingo se celebrar\u00e1 en los parques de El Moralet y Foietes de la capital tur\u00edstica de la Costa Blanca. Como es habitual, Pa\u00edses Bajos partir\u00e1 como una de las mayores potencias de la prueba tanto en su categor\u00eda masculina como femenina.<\/p>  <p>En el listado hecho p\u00fablico por el seleccionador nacional, Gerben De Knegt, aparece el nombre de Mathieu Van der Poel, dominador absoluto de la especialidad invernal del ciclismo y actual l\u00edder del m\u00e1ximo torneo mundial con s\u00f3lo diez puntos de ventaja sobre el belga Thibau Nys.<\/p>  <p>De Knegt, eso s\u00ed, ha subrayado que la presencia definitiva de Van der Poel en Benidorm no se decidir\u00e1 hasta dentro de unos d\u00edas ya que el corredor todav\u00eda no ha tomado una decisi\u00f3n definitiva sobre si defender\u00e1 o no su liderato en la Copa del Mundo en el renovado circuito de Benidorm.<\/p>  <p>En todo caso, y en lo que al \u00e1mbito masculino se refiere, Pa\u00edses Bajos llegar\u00e1 a la cita espa\u00f1ola con uno de los combinados m\u00e1s potentes. Junto al que muchos ya se\u00f1alan como el mejor especialista de todos los tiempos, tambi\u00e9n estar\u00e1n en Benidorm el flamante campe\u00f3n nacional (tras haber revalidado su t\u00edtulo el pasado domingo) Tibor Del Grosso, el compa\u00f1ero de equipo de Felipe Orts, Joris Niewuenhuis (podio en la puntuable de T\u00e1bor); Mees Hendrikx, Pim Ronhaar y Ryan Kamp.<\/p>  <p>Y si la n\u00f3mina de corredores de Pa\u00edses Bajos que viajar\u00e1n a Benidorm ya es potente, no lo es menos la lista del combinado femenino. Al frente de la misma formar\u00e1 la clara dominadora de esta edici\u00f3n de la Copa del Mundo de ciclocross, Lucinda Brand. La corredora neerlandesa se ha impuesto en siete de las nueve pruebas ya disputadas (T\u00e1bor, Terralba, Namur, Amberes, Koksijde, Gavere y Dendermonde) y gracias a ello aventaja en 82 puntos a su compatriota Aniek Van Alphen, por lo que Brand podr\u00eda amarrar ya matem\u00e1ticamente la que ser\u00eda su cuarta Copa del Mundo.<\/p>  <p>Brand, eso s\u00ed, tendr\u00e1 que mostrar su mejor versi\u00f3n si quiere convertirse en la sucesora de su compatriota Fem Van Empel, ganadora de las tres ediciones previas de la prueba mediterr\u00e1nea y que no repetir\u00e1 presencia tras haber anunciado el pasado mes de diciembre una pausa en su actividad deportiva.<\/p>  <p>Pese al enorme dominio mostrado por Brand en la actual campa\u00f1a, en la que no ha bajado del podio en las 21 carreras que ha disputado (17 victorias, tres segundos puestos y un tercero), la temporada parece estar haci\u00e9ndosele un poco larga y de hecho en sus dos \u00faltimas apariciones se ha visto superada por Ceylin Del Carmen Alvarado, que el pasado fin de semana revalidaba su t\u00edtulo de campeona nacional despu\u00e9s de haberse impuesto tambi\u00e9n en Zonhoven en la \u00faltima puntuable de la Copa del Mundo disputada hasta la fecha.<\/p>  <p>Ese buen golpe de pedal de la corredora neerlandesa de origen dominicano la sit\u00faa como una de las grandes candidatas al triunfo en Benidorm, donde ya fue tercera en 2024. En su caso, como en el de Brand, el mayor peligro lo tendr\u00e1 \u2018en casa\u2019 ya que Pa\u00edses Bajos tambi\u00e9n formar\u00e1 con la campeona de Europa, Inge van der Heijden (novena en 2025 en Benidorm); Aniek van Alphen (ganadora en Flamanville), Manon Bakker, Leonie Bentveld, Denise Betsema, Shirin van Anrooij (tercera en Benidorm en 2023), Lauren Molengraaf, Annemarie Worst, Mae Cabaca, Bloeme Kalis y Puck Langebrang.<\/p> ","protected":false},"excerpt":{"rendered":"<p>El combinado de Pa\u00edses Bajos aparece como uno de los m\u00e1s potentes de la prueba<\/p>\n","protected":false},"author":0,"featured_media":21460,"comment_status":"","ping_status":"open","sticky":false,"template":"","format":"standard","meta":{"_acf_changed":false,"footnotes":""},"categories":[16],"tags":[],"class_list":["post-21459","post","type-post","status-publish","format-standard","has-post-thumbnail","hentry","category-deportes"],"acf":{"ser_id":"FJATQGRPRBH2HOILDNKR24MF3U","ser_url":"https:\/\/cadenaser.com\/comunitat-valenciana\/2026\/01\/13\/van-der-poel-del-grosso-brand-y-alvarado-lideran-la-poderosa-seleccion-neerlandesa-para-benidorm-radio-benidorm\/"},"_links":{"self":[{"href":"https:\/\/serbenidorm.daliisolutions.com\/index.php\/wp-json\/wp\/v2\/posts\/21459","targetHints":{"allow":["GET"]}}],"collection":[{"href":"https:\/\/serbenidorm.daliisolutions.com\/index.php\/wp-json\/wp\/v2\/posts"}],"about":[{"href":"https:\/\/serbenidorm.daliisolutions.com\/index.php\/wp-json\/wp\/v2\/types\/post"}],"replies":[{"embeddable":true,"href":"https:\/\/serbenidorm.daliisolutions.com\/index.php\/wp-json\/wp\/v2\/comments?post=21459"}],"version-history":[{"count":0,"href":"https:\/\/serbenidorm.daliisolutions.com\/index.php\/wp-json\/wp\/v2\/posts\/21459\/revisions"}],"wp:featuredmedia":[{"embeddable":true,"href":"https:\/\/serbenidorm.daliisolutions.com\/index.php\/wp-json\/wp\/v2\/media\/21460"}],"wp:attachment":[{"href":"https:\/\/serbenidorm.daliisolutions.com\/index.php\/wp-json\/wp\/v2\/media?parent=21459"}],"wp:term":[{"taxonomy":"category","embeddable":true,"href":"https:\/\/serbenidorm.daliisolutions.com\/index.php\/wp-json\/wp\/v2\/categories?post=21459"},{"taxonomy":"post_tag","embeddable":true,"href":"https:\/\/serbenidorm.daliisolutions.com\/index.php\/wp-json\/wp\/v2\/tags?post=21459"}],"curies":[{"name":"wp","href":"https:\/\/api.w.org\/{rel}","templated":true}]}}