{"id":2146,"date":"2024-02-08T17:07:34","date_gmt":"2024-02-08T16:07:34","guid":{"rendered":"https:\/\/serbenidorm.daliisolutions.com\/index.php\/2024\/02\/08\/los-pescadores-de-la-vila-joiosa-estudian-movilizaciones-con-el-resto-del-sector-para-protestar-por-su-situacion\/"},"modified":"2024-02-08T17:07:34","modified_gmt":"2024-02-08T16:07:34","slug":"los-pescadores-de-la-vila-joiosa-estudian-movilizaciones-con-el-resto-del-sector-para-protestar-por-su-situacion","status":"publish","type":"post","link":"https:\/\/serbenidorm.daliisolutions.com\/index.php\/2024\/02\/08\/los-pescadores-de-la-vila-joiosa-estudian-movilizaciones-con-el-resto-del-sector-para-protestar-por-su-situacion\/","title":{"rendered":"Los pescadores de La Vila Joiosa estudian movilizaciones con el resto del sector para protestar por su situaci\u00f3n"},"content":{"rendered":"  <p>La Vila Joiosa<\/p>   <p>Los pescadores, como los agricultores, no pueden m\u00e1s y piensan ya en protestas mientras esperan el pago de ayudas que acumulan m\u00e1s de un a\u00f1o de retraso. As\u00ed se lo ha trasmitido la Cofrad\u00eda de Pescadores de La Vila Joiosa al alcalde Marcos Zaragoza en una reuni\u00f3n celebrada este jueves en la lonja.<\/p>   <p>El sector, explican, se enfrenta a un aumento de los costes de producci\u00f3n que no est\u00e1 repercutido en el precio de su producto en la lonja o a la falta de relevo generacional, pero principalmente a los <a href=\"https:\/\/cadenaser.com\/tag\/pesca\/a\/\" target=\"_blank\" rel=\"noopener\">parones biol\u00f3gicos impuestos por la Uni\u00f3n Europea<\/a> que les impiden salir a faenar durante m\u00e1s de la mitad del a\u00f1o.<\/p>   <p><a href=\"https:\/\/cadenaser.com\/tag\/vila_joiosa\/a\/\" target=\"_blank\" rel=\"noopener\">\u00abQue nos dejen trabajar\u00bb, ha insistido el patr\u00f3n mayor de la Cofrad\u00eda Miguel Solbes, que se reunir\u00e1 la pr\u00f3xima semana en Madrid con otras asociaciones y federaciones de pescadores para plantear posibles acciones de protesta<\/a>: \u00abHay que coordinarlo porque si lo hacemos a trav\u00e9s de grupos de <i>whatsapp<\/i> no vamos a conseguir nada\u00bb, ha explicado.<\/p>  <p><p>M\u00e1s informaci\u00f3n<\/p><figure><img decoding=\"async\" src=\"https:\/\/cadenaser.com\/resizer\/sfMywhENpbCea9vsYb7ye2EVX_4=\/650x366\/filters:quality(70)\/cloudfront-eu-central-1.images.arcpublishing.com\/prisaradio\/MPDBUC2MJ5LKZGUEWYPKKU24DU.jpg\" loading=\"lazy\" width=\"828\" height=\"621\" \/><\/figure><ul><li><a href=\"https:\/\/cadenaser.com\/2022\/03\/14\/los-pescadores-de-la-vila-joiosa-se-quedan-en-puerto-es-inviable-salir-al-mar-con-el-actual-precio-del-carburante\/\">Los pescadores de La Vila Joiosa se quedan en puerto<\/a><\/li><\/ul><\/p>   <p>La Cofrad\u00eda ya decidi\u00f3 paralizar su actividad durante una semana en marzo de 2022 para denunciar la situaci\u00f3n en la que est\u00e1n inmersos.<\/p>   <p>El patr\u00f3n mayor tambi\u00e9n critica esos retrasos en el pago de las subvenciones: \u00abA parte de todas las trabas que est\u00e1n poniendo a las subvenciones que no llegan en tiempo y forma mientras los trabajadores no tienen prestaci\u00f3n por desempleo. Se junta todo y no podemos seguir adelante\u00bb, lamenta.<\/p>   <p>A este respecto, el primer edil vilero les ha informado de un encuentro que mantuvo con \u00e9l secretario auton\u00f3mico de Econom\u00eda de la Generalitat Valenciana por el pago de unas ayudas que, asegura, recibir\u00e1n a finales de este mes de febrero: \u00abTodas las administraciones, todas, tienen que acelerar los tr\u00e1mites. Lo que no puede ser es que est\u00e9n esperando las ayudas del 2022\u00bb.<\/p>  <p><figure><img decoding=\"async\" src=\"https:\/\/cadenaser.com\/resizer\/VZDa-tyXaoNrSMfOhoc0lDYm8bw=\/650x366\/filters:quality(70)\/cloudfront-eu-central-1.images.arcpublishing.com\/prisaradio\/Q76K5W67EVEJ7J5WIGLN4M7AH4.jpg\" loading=\"lazy\" width=\"240\" height=\"135\" \/><\/figure><div><a href=\"https:\/\/cadenaser.com\/comunitat-valenciana\/2024\/01\/16\/antonio-ferrer-patron-mayor-de-la-cofradia-de-pescadores-de-altea-hay-que-reaccionar-o-esto-se-muere-radio-benidorm\/\">Entrevista a Antonio Ferrer, patr\u00f3n mayor de la Cofrad\u00eda de Pescadores de Altea: \u00abHay que reaccionar o esto se muere\u00bb<\/a><p><\/p><\/div><\/p>   <p>\u00abEcologismo de sal\u00f3n\u00bb<\/p>   <p>Marcos Zaragoza les ha transmitido el apoyo total del Ayuntamiento para que la voz de la pesca de arrastre se oiga en Bruselas: \u00abPonernos a trabajar todos a una e ir a Bruselas con los deberes hechos para decirles por que camino tienen que tirar. Est\u00e1n matando moscas a ca\u00f1onazos y no tienen estrategia\u00bb, ha criticado el alcalde antes de referirse a las pol\u00edticas europeas de pesca como \u00abecologismo de sal\u00f3n\u00bb.<\/p>   <p>Adem\u00e1s, Zaragoza se ha referido a la reincorporaci\u00f3n de La Vila al Grupo de Acci\u00f3n Local de Pesca (GALP) en el que est\u00e1n otros ayuntamientos como el de Santa Pola, Altea o Calpe; as\u00ed como a una iniciativa que estudian desde el consistorio para que durante los parones se subvencione que los pescadores recojan pl\u00e1sticos y residuos del mar.<\/p> ","protected":false},"excerpt":{"rendered":"<p>La Cofrad\u00eda de Pescadores acusa el par\u00f3n biol\u00f3gico impuesto por la Uni\u00f3n Europea y que reduce notablemente sus d\u00edas de pesca | El alcalde Marcos Zaragoza se ha reunido con ellos para mostrar el apoyo del Ayuntamiento a sus reivindicaciones<\/p>\n","protected":false},"author":0,"featured_media":2147,"comment_status":"open","ping_status":"open","sticky":false,"template":"","format":"standard","meta":{"_acf_changed":false,"footnotes":""},"categories":[1],"tags":[],"class_list":["post-2146","post","type-post","status-publish","format-standard","has-post-thumbnail","hentry","category-sin-categoria"],"acf":{"ser_id":"5YYRSUEKNRHRJBIOSX2P53WDGE","ser_url":"https:\/\/cadenaser.com\/comunitat-valenciana\/2024\/02\/08\/los-pescadores-de-la-vila-joiosa-estudian-movilizaciones-junto-al-resto-del-sector-para-protestar-por-su-situacion-radio-benidorm\/"},"_links":{"self":[{"href":"https:\/\/serbenidorm.daliisolutions.com\/index.php\/wp-json\/wp\/v2\/posts\/2146","targetHints":{"allow":["GET"]}}],"collection":[{"href":"https:\/\/serbenidorm.daliisolutions.com\/index.php\/wp-json\/wp\/v2\/posts"}],"about":[{"href":"https:\/\/serbenidorm.daliisolutions.com\/index.php\/wp-json\/wp\/v2\/types\/post"}],"replies":[{"embeddable":true,"href":"https:\/\/serbenidorm.daliisolutions.com\/index.php\/wp-json\/wp\/v2\/comments?post=2146"}],"version-history":[{"count":0,"href":"https:\/\/serbenidorm.daliisolutions.com\/index.php\/wp-json\/wp\/v2\/posts\/2146\/revisions"}],"wp:featuredmedia":[{"embeddable":true,"href":"https:\/\/serbenidorm.daliisolutions.com\/index.php\/wp-json\/wp\/v2\/media\/2147"}],"wp:attachment":[{"href":"https:\/\/serbenidorm.daliisolutions.com\/index.php\/wp-json\/wp\/v2\/media?parent=2146"}],"wp:term":[{"taxonomy":"category","embeddable":true,"href":"https:\/\/serbenidorm.daliisolutions.com\/index.php\/wp-json\/wp\/v2\/categories?post=2146"},{"taxonomy":"post_tag","embeddable":true,"href":"https:\/\/serbenidorm.daliisolutions.com\/index.php\/wp-json\/wp\/v2\/tags?post=2146"}],"curies":[{"name":"wp","href":"https:\/\/api.w.org\/{rel}","templated":true}]}}