{"id":21461,"date":"2026-01-13T12:06:33","date_gmt":"2026-01-13T11:06:33","guid":{"rendered":"https:\/\/serbenidorm.daliisolutions.com\/index.php\/2026\/01\/13\/el-balonmano-servigroup-benidorm-se-refuerza-con-la-llegada-de-ferran-prieto\/"},"modified":"2026-01-13T12:06:33","modified_gmt":"2026-01-13T11:06:33","slug":"el-balonmano-servigroup-benidorm-se-refuerza-con-la-llegada-de-ferran-prieto","status":"publish","type":"post","link":"https:\/\/serbenidorm.daliisolutions.com\/index.php\/2026\/01\/13\/el-balonmano-servigroup-benidorm-se-refuerza-con-la-llegada-de-ferran-prieto\/","title":{"rendered":"El Balonmano Servigroup Benidorm se refuerza con la llegada de Ferr\u00e1n Prieto"},"content":{"rendered":" <p>A poco menos de dos semanas de retomar su andadura en la competici\u00f3n liguera (tras el aplazamiento de su partido ante el Burgos, previsto para este fin de semana, hasta el d\u00eda 15 de abril), el Club Balonmano Benidorm ha anunciado la llegada del joven pivote Ferr\u00e1n Prieto, que llega al Palau d\u2019Esports con la misi\u00f3n de reforzar una posici\u00f3n en la que la entidad hab\u00eda perdido recientemente a Lucas Moscariello tras la marcha del internacional argentino.<\/p>  <p>Formando en la potent\u00edsima cantera del Bar\u00e7a, Prieto llega al Balonmano Servigroup Benidorm procedente del Granollers de Liga Asobal convertido, a sus 21 a\u00f1os, en una de las grandes promesas del balonmano nacional.<\/p>  <p>Nada m\u00e1s aterrizar en el Palau d\u2019Esports, donde ya ha completado sus primeras sesiones de entrenamiento a las \u00f3rdenes de Alejandro Cutanda, Ferr\u00e1n Prieto aseguraba sentirse \u201cmuy contento y satisfecho de poder llegar al Club Balonmano Benidorm\u201d.<\/p>  <p>De cara a su nueva aventura en la capital tur\u00edstica de la Costa Blanca, Prieto afirma tener \u201cmuchas expectativas\u201d y, sobre todo, \u201cmuchas ganas de trabajar al m\u00e1ximo para conseguir los objetivos que nos hemos marcado y demostrar que este equipo puede estar en la zona alta de la clasificaci\u00f3n\u201d.<\/p>  <p>Tras su paso por la cantera del Bar\u00e7a, Ferr\u00e1n Prieto ha recalado en Handbol Espluges, Balonmano Soria y, en \u00faltima instancia, en el Granollers. Durante ese periplo, el nuevo pivote del Club Balonmano Benidorm ha destacado por su buena finalizaci\u00f3n y su gran visi\u00f3n en el juego colectivo, dos cualidades que, unidas a su excepcional recepci\u00f3n de bal\u00f3n y agilidad ser\u00e1n vitales en una competici\u00f3n tan igualada como est\u00e1 siendo la actual Divisi\u00f3n de Honor Plata del balonmano nacional. <\/p>  <p>Antes de afrontar el primer partido de liga de esta segunda vuelta (ante el Oviedo, el pr\u00f3ximo d\u00eda 24 de enero), Ferr\u00e1n Prieto podr\u00eda debutar con sus nuevos colores este mismo viernes (18:45 horas) en el amistoso que el Balonmano Servigroup Benidorm disputar\u00e1 ante el E\u00f3n Alicante en casa de los alicantinos.<\/p> ","protected":false},"excerpt":{"rendered":"<p>El joven pivote formado en la cantera del Bar\u00e7a llega al Palau para suplir la baja de Lucas Moscariello<\/p>\n","protected":false},"author":0,"featured_media":21462,"comment_status":"","ping_status":"open","sticky":false,"template":"","format":"standard","meta":{"_acf_changed":false,"footnotes":""},"categories":[16],"tags":[],"class_list":["post-21461","post","type-post","status-publish","format-standard","has-post-thumbnail","hentry","category-deportes"],"acf":{"ser_id":"OUMYCOJHYJBWDLIAGVU5N2FXVM","ser_url":"https:\/\/cadenaser.com\/comunitat-valenciana\/2026\/01\/13\/el-balonmano-servigroup-benidorm-se-refuerza-con-la-llegada-de-ferran-prieto-radio-benidorm\/"},"_links":{"self":[{"href":"https:\/\/serbenidorm.daliisolutions.com\/index.php\/wp-json\/wp\/v2\/posts\/21461","targetHints":{"allow":["GET"]}}],"collection":[{"href":"https:\/\/serbenidorm.daliisolutions.com\/index.php\/wp-json\/wp\/v2\/posts"}],"about":[{"href":"https:\/\/serbenidorm.daliisolutions.com\/index.php\/wp-json\/wp\/v2\/types\/post"}],"replies":[{"embeddable":true,"href":"https:\/\/serbenidorm.daliisolutions.com\/index.php\/wp-json\/wp\/v2\/comments?post=21461"}],"version-history":[{"count":0,"href":"https:\/\/serbenidorm.daliisolutions.com\/index.php\/wp-json\/wp\/v2\/posts\/21461\/revisions"}],"wp:featuredmedia":[{"embeddable":true,"href":"https:\/\/serbenidorm.daliisolutions.com\/index.php\/wp-json\/wp\/v2\/media\/21462"}],"wp:attachment":[{"href":"https:\/\/serbenidorm.daliisolutions.com\/index.php\/wp-json\/wp\/v2\/media?parent=21461"}],"wp:term":[{"taxonomy":"category","embeddable":true,"href":"https:\/\/serbenidorm.daliisolutions.com\/index.php\/wp-json\/wp\/v2\/categories?post=21461"},{"taxonomy":"post_tag","embeddable":true,"href":"https:\/\/serbenidorm.daliisolutions.com\/index.php\/wp-json\/wp\/v2\/tags?post=21461"}],"curies":[{"name":"wp","href":"https:\/\/api.w.org\/{rel}","templated":true}]}}