{"id":21471,"date":"2026-01-13T13:47:05","date_gmt":"2026-01-13T12:47:05","guid":{"rendered":"https:\/\/serbenidorm.daliisolutions.com\/index.php\/2026\/01\/13\/asi-van-a-cambiar-los-sueldos-en-la-hosteleria-de-la-provincia-de-alicante-este-2026\/"},"modified":"2026-01-13T13:47:05","modified_gmt":"2026-01-13T12:47:05","slug":"asi-van-a-cambiar-los-sueldos-en-la-hosteleria-de-la-provincia-de-alicante-este-2026","status":"publish","type":"post","link":"https:\/\/serbenidorm.daliisolutions.com\/index.php\/2026\/01\/13\/asi-van-a-cambiar-los-sueldos-en-la-hosteleria-de-la-provincia-de-alicante-este-2026\/","title":{"rendered":"As\u00ed van a cambiar los sueldos en la hosteler\u00eda de la provincia de Alicante este 2026"},"content":{"rendered":" <p>La comisi\u00f3n del convenio colectivo de hosteler\u00eda de la provincia de Alicante ha aprobado la revisi\u00f3n salarial correspondiente a 2026: un incremento del 2 % que ser\u00e1 la \u00faltima actualizaci\u00f3n del actual convenio.<\/p>  <p>Durante sus cuatro a\u00f1os de vigencia <a href=\"https:\/\/cadenaser.com\/tag\/benidorm\/a\/\" target=\"_blank\" rel=\"nofollow\" title=\"https:\/\/cadenaser.com\/tag\/benidorm\/a\/\">los incrementos salariales (12,5%) superan el \u00cdndice de Precios al Consumo acumulado hasta la fecha (9,2%), pero no en el dato concreto de este \u00faltimo a\u00f1o donde el IPC se ha quedado en el 2,7% y el aumento es del 2%<\/a>.<\/p>  <p>La revisi\u00f3n ha sido acordada por las patronales, lideradas por los hoteleros de Hosbec, y por los sindicatos, con el objetivo de disponer cuanto antes de las tablas salariales para su aplicaci\u00f3n, si es posible, en las n\u00f3minas del mes de enero. <\/p>  <p>Yolanda D\u00edaz, secretaria general de UGT en Alicante y las Marinas, celebra el dialogo: \u00abEl IPC no se ha quedado por encima del 3% y es consecuencia del acuerdo alcanzado en 2023\u00bb, explica.<\/p>  <p>Patricia Carrillo, responsable de la federaci\u00f3n de Servicios de Comisiones Obreras en la Comunitat Valenciana, critica sin embargo que la subida no es acorde con el precio de la vida ni los resultados de los empresarios: \u00abLas anteriores subidas si estaban por encima del IPC, pero este a\u00f1o no ha sido as\u00ed y es una p\u00e9rdida de poder adquisitivo para los trabajadores del sector\u00bb, lamenta. <\/p>  <p>Desde CCOO apuestan porque este sea uno de los principales pilares en la futura negociaci\u00f3n: \u00abEsperamos poder revisar ese d\u00e9ficit en el nuevo convenio para 2027\u00bb:<\/p>  <p>El convenio expira el 31 de diciembre, aunque deber\u00e1 ser denunciado por cualquiera de las partes firmantes durante el pr\u00f3ximo mes de octubre para iniciar un nuevo proceso de negociaci\u00f3n.<\/p> ","protected":false},"excerpt":{"rendered":"<p>Patronal y sindicatos acuerdan un incremento que se queda por debajo del IPC del \u00faltimo a\u00f1o<\/p>\n","protected":false},"author":0,"featured_media":21472,"comment_status":"","ping_status":"open","sticky":false,"template":"","format":"standard","meta":{"_acf_changed":false,"footnotes":""},"categories":[1],"tags":[],"class_list":["post-21471","post","type-post","status-publish","format-standard","has-post-thumbnail","hentry","category-sin-categoria"],"acf":{"ser_id":"ADQHFXKFZBAEZNXSJW5THCYNOY","ser_url":"https:\/\/cadenaser.com\/comunitat-valenciana\/2026\/01\/13\/asi-van-a-cambiar-los-sueldos-de-la-hosteleria-en-la-provincia-de-alicante-este-2026-radio-benidorm\/"},"_links":{"self":[{"href":"https:\/\/serbenidorm.daliisolutions.com\/index.php\/wp-json\/wp\/v2\/posts\/21471","targetHints":{"allow":["GET"]}}],"collection":[{"href":"https:\/\/serbenidorm.daliisolutions.com\/index.php\/wp-json\/wp\/v2\/posts"}],"about":[{"href":"https:\/\/serbenidorm.daliisolutions.com\/index.php\/wp-json\/wp\/v2\/types\/post"}],"replies":[{"embeddable":true,"href":"https:\/\/serbenidorm.daliisolutions.com\/index.php\/wp-json\/wp\/v2\/comments?post=21471"}],"version-history":[{"count":0,"href":"https:\/\/serbenidorm.daliisolutions.com\/index.php\/wp-json\/wp\/v2\/posts\/21471\/revisions"}],"wp:featuredmedia":[{"embeddable":true,"href":"https:\/\/serbenidorm.daliisolutions.com\/index.php\/wp-json\/wp\/v2\/media\/21472"}],"wp:attachment":[{"href":"https:\/\/serbenidorm.daliisolutions.com\/index.php\/wp-json\/wp\/v2\/media?parent=21471"}],"wp:term":[{"taxonomy":"category","embeddable":true,"href":"https:\/\/serbenidorm.daliisolutions.com\/index.php\/wp-json\/wp\/v2\/categories?post=21471"},{"taxonomy":"post_tag","embeddable":true,"href":"https:\/\/serbenidorm.daliisolutions.com\/index.php\/wp-json\/wp\/v2\/tags?post=21471"}],"curies":[{"name":"wp","href":"https:\/\/api.w.org\/{rel}","templated":true}]}}