{"id":21473,"date":"2026-01-13T13:56:15","date_gmt":"2026-01-13T12:56:15","guid":{"rendered":"https:\/\/serbenidorm.daliisolutions.com\/index.php\/2026\/01\/13\/valeria-rico-se-cuelga-el-bronce-en-el-campeonato-de-espana-de-madison\/"},"modified":"2026-01-13T13:56:15","modified_gmt":"2026-01-13T12:56:15","slug":"valeria-rico-se-cuelga-el-bronce-en-el-campeonato-de-espana-de-madison","status":"publish","type":"post","link":"https:\/\/serbenidorm.daliisolutions.com\/index.php\/2026\/01\/13\/valeria-rico-se-cuelga-el-bronce-en-el-campeonato-de-espana-de-madison\/","title":{"rendered":"Valeria Rico se cuelga el bronce en el Campeonato de Espa\u00f1a de Madison"},"content":{"rendered":" <p>La ciclista benidormense Valeria Rico ha conseguido una brillante medalla de bronce en la prueba de Madison (disciplina ol\u00edmpica) del Campeonato de Espa\u00f1a de pista disputado el pasado fin de semana en el Vel\u00f3dromo de Palma.<\/p>  <p>Rico, que part\u00eda como una de las grandes favoritas al t\u00edtulo nacional, form\u00f3 parte de la selecci\u00f3n de la Comunitat Valenciana formando pareja con la castellonense Noa Jim\u00e9nez en una de las pruebas m\u00e1s exigentes y t\u00e1cticas del ciclismo en pista. <\/p>  <p>Pese a su favoritismo, la dupla valenciana no pudo pelear por el oro debido a las molestias f\u00edsicas que arrastraban tanto Jim\u00e9nez, con problemas en la rodilla; como la propia Valeria Rico, que sufri\u00f3 una ca\u00edda el d\u00eda anterior a la disputa de la final, algo que condicion\u00f3 su rendimiento en una prueba de m\u00e1xima intensidad.<\/p>  <p>Pese a ello, la benidormense y su compa\u00f1era volvieron a dar grandes sensaciones en una carrera que, pese a esa merma f\u00edsica, estuvo marcada por una gran igualdad. Valeria y Noa se mantuvieron en segunda posici\u00f3n hasta la misma l\u00ednea de meta, disputando el \u00faltimo sprint por la plata. Finalmente, las hermanas D\u00e9bora y Amanda Miravet lograron imponerse por muy escaso margen, relegando a la pareja valenciana al tercer puesto. El t\u00edtulo nacional fue para la pareja catalana formada por Marina Fern\u00e1ndez y Adriana Vargas.<\/p>  <p>Este resultado tiene un enorme valor deportivo por tratarse de una prueba ol\u00edmpica lo que confirma el enorme nivel competitivo y la fortaleza mental de Valeria Rico disputando al m\u00e1ximo nivel en una Campeonato de Espa\u00f1a volviendo a situar a Benidorm entre las mejores del ciclismo nacional.<\/p>  <p>El logro de Valeria Rico supone un nuevo hito para el deporte local y para el ciclismo femenino de alto nivel, consolid\u00e1ndola como una de las j\u00f3venes promesas m\u00e1s s\u00f3lidas del panorama nacional en pista.<\/p> ","protected":false},"excerpt":{"rendered":"<p>La ciclista benidormense mantiene su gran progresi\u00f3n en una de las disciplinas ol\u00edmpicas de la pista<\/p>\n","protected":false},"author":0,"featured_media":21474,"comment_status":"","ping_status":"open","sticky":false,"template":"","format":"standard","meta":{"_acf_changed":false,"footnotes":""},"categories":[16],"tags":[],"class_list":["post-21473","post","type-post","status-publish","format-standard","has-post-thumbnail","hentry","category-deportes"],"acf":{"ser_id":"JY4ZC3QYV5DHTHHICVPP4A7ILE","ser_url":"https:\/\/cadenaser.com\/comunitat-valenciana\/2026\/01\/13\/valeria-rico-se-cuelga-el-bronce-en-el-campeonato-de-espana-de-madison-radio-benidorm\/"},"_links":{"self":[{"href":"https:\/\/serbenidorm.daliisolutions.com\/index.php\/wp-json\/wp\/v2\/posts\/21473","targetHints":{"allow":["GET"]}}],"collection":[{"href":"https:\/\/serbenidorm.daliisolutions.com\/index.php\/wp-json\/wp\/v2\/posts"}],"about":[{"href":"https:\/\/serbenidorm.daliisolutions.com\/index.php\/wp-json\/wp\/v2\/types\/post"}],"replies":[{"embeddable":true,"href":"https:\/\/serbenidorm.daliisolutions.com\/index.php\/wp-json\/wp\/v2\/comments?post=21473"}],"version-history":[{"count":0,"href":"https:\/\/serbenidorm.daliisolutions.com\/index.php\/wp-json\/wp\/v2\/posts\/21473\/revisions"}],"wp:featuredmedia":[{"embeddable":true,"href":"https:\/\/serbenidorm.daliisolutions.com\/index.php\/wp-json\/wp\/v2\/media\/21474"}],"wp:attachment":[{"href":"https:\/\/serbenidorm.daliisolutions.com\/index.php\/wp-json\/wp\/v2\/media?parent=21473"}],"wp:term":[{"taxonomy":"category","embeddable":true,"href":"https:\/\/serbenidorm.daliisolutions.com\/index.php\/wp-json\/wp\/v2\/categories?post=21473"},{"taxonomy":"post_tag","embeddable":true,"href":"https:\/\/serbenidorm.daliisolutions.com\/index.php\/wp-json\/wp\/v2\/tags?post=21473"}],"curies":[{"name":"wp","href":"https:\/\/api.w.org\/{rel}","templated":true}]}}