{"id":21476,"date":"2026-01-13T14:26:24","date_gmt":"2026-01-13T13:26:24","guid":{"rendered":"https:\/\/serbenidorm.daliisolutions.com\/index.php\/2026\/01\/13\/el-tribunal-constitucional-rechaza-el-recurso-del-ayuntamiento-de-benidorm-contra-la-condena-de-350-millones-por-serra-gelada\/"},"modified":"2026-01-13T14:26:24","modified_gmt":"2026-01-13T13:26:24","slug":"el-tribunal-constitucional-rechaza-el-recurso-del-ayuntamiento-de-benidorm-contra-la-condena-de-350-millones-por-serra-gelada","status":"publish","type":"post","link":"https:\/\/serbenidorm.daliisolutions.com\/index.php\/2026\/01\/13\/el-tribunal-constitucional-rechaza-el-recurso-del-ayuntamiento-de-benidorm-contra-la-condena-de-350-millones-por-serra-gelada\/","title":{"rendered":"El Tribunal Constitucional rechaza el recurso del Ayuntamiento de Benidorm contra la condena de 350 millones por Serra Gelada"},"content":{"rendered":" <p>El Tribunal Constitucional desestima el recurso del Ayuntamiento de Benidorm contra la condena a pagar m\u00e1s de 350 millones de euros a la familia Murcia Puchades por los suelos de Serra Gelada.<\/p>  <p>El escrito de la Sala Segunda, Secci\u00f3n Cuarta, al que acaba de tener acceso <a href=\"https:\/\/cadenaser.com\/tag\/benidorm\/a\/\" target=\"_blank\" rel=\"nofollow\" title=\"https:\/\/cadenaser.com\/tag\/benidorm\/a\/\">Radio Benidorm<\/a> manifiesta que \u00abha examinado el recurso presentado y ha acordado no admitirlo a tr\u00e1mite por no apreciar en el mismo la especial trascendencia constitucional que, como condici\u00f3n para su admisi\u00f3n, requiere el art. 50.1.b) LOTC\u00bb.\t<\/p>  <p>Condena hist\u00f3rica sin precedentes en el urbanismo espa\u00f1ol que ya confirm\u00f3 el Tribunal Supremo. <\/p>  <p>Todav\u00eda son muchos los interrogantes de c\u00f3mo se podr\u00e1 afrontar esa sentencia, ese pago de 283 millones de euros m\u00e1s intereses a los propietarios del sector APR-7 incluido en el parque natural de Serra Gelada. Supone casi tres veces un presupuesto municipal de la capital tur\u00edstica de la Comunitat Valenciana.<\/p> ","protected":false},"excerpt":{"rendered":"<p>La sala no aprecia \u00abespecial trascendencia constitucional\u00bb <\/p>\n","protected":false},"author":0,"featured_media":21477,"comment_status":"","ping_status":"open","sticky":false,"template":"","format":"standard","meta":{"_acf_changed":false,"footnotes":""},"categories":[1],"tags":[],"class_list":["post-21476","post","type-post","status-publish","format-standard","has-post-thumbnail","hentry","category-sin-categoria"],"acf":{"ser_id":"3MIDV2WKWNCD5LHPKTCFDYCIKY","ser_url":"https:\/\/cadenaser.com\/comunitat-valenciana\/2026\/01\/13\/el-tribunal-constitucional-rechaza-el-recurso-del-ayuntamiento-de-benidorm-contra-la-condena-de-350-millones-por-serra-gelada-serra-gelada-radio-benidorm\/"},"_links":{"self":[{"href":"https:\/\/serbenidorm.daliisolutions.com\/index.php\/wp-json\/wp\/v2\/posts\/21476","targetHints":{"allow":["GET"]}}],"collection":[{"href":"https:\/\/serbenidorm.daliisolutions.com\/index.php\/wp-json\/wp\/v2\/posts"}],"about":[{"href":"https:\/\/serbenidorm.daliisolutions.com\/index.php\/wp-json\/wp\/v2\/types\/post"}],"replies":[{"embeddable":true,"href":"https:\/\/serbenidorm.daliisolutions.com\/index.php\/wp-json\/wp\/v2\/comments?post=21476"}],"version-history":[{"count":0,"href":"https:\/\/serbenidorm.daliisolutions.com\/index.php\/wp-json\/wp\/v2\/posts\/21476\/revisions"}],"wp:featuredmedia":[{"embeddable":true,"href":"https:\/\/serbenidorm.daliisolutions.com\/index.php\/wp-json\/wp\/v2\/media\/21477"}],"wp:attachment":[{"href":"https:\/\/serbenidorm.daliisolutions.com\/index.php\/wp-json\/wp\/v2\/media?parent=21476"}],"wp:term":[{"taxonomy":"category","embeddable":true,"href":"https:\/\/serbenidorm.daliisolutions.com\/index.php\/wp-json\/wp\/v2\/categories?post=21476"},{"taxonomy":"post_tag","embeddable":true,"href":"https:\/\/serbenidorm.daliisolutions.com\/index.php\/wp-json\/wp\/v2\/tags?post=21476"}],"curies":[{"name":"wp","href":"https:\/\/api.w.org\/{rel}","templated":true}]}}