{"id":2148,"date":"2024-02-08T17:07:35","date_gmt":"2024-02-08T16:07:35","guid":{"rendered":"https:\/\/serbenidorm.daliisolutions.com\/index.php\/2024\/02\/08\/el-benidorm-fest-desembarca-en-sanremo-para-explorar-una-colaboracion\/"},"modified":"2024-02-08T17:07:35","modified_gmt":"2024-02-08T16:07:35","slug":"el-benidorm-fest-desembarca-en-sanremo-para-explorar-una-colaboracion","status":"publish","type":"post","link":"https:\/\/serbenidorm.daliisolutions.com\/index.php\/2024\/02\/08\/el-benidorm-fest-desembarca-en-sanremo-para-explorar-una-colaboracion\/","title":{"rendered":"El Benidorm Fest desembarca en Sanremo para explorar una colaboraci\u00f3n"},"content":{"rendered":"  <p>Benidorm<\/p>   <p>Apenas unos d\u00edas despu\u00e9s de finalizar la tercera edici\u00f3n del Benidorm Fest, una delegaci\u00f3n del festival se ha desplazado a Sanremo para conocer c\u00f3mo se organiza y desarrolla el certamen italiano y explorar posibles v\u00edas de colaboraci\u00f3n entre ambos eventos musicales con los que dotarlos todav\u00eda de mayor repercusi\u00f3n. <\/p>  <p><p class=\"tit\"><span>El Benidorm Fest inicia colaboraci\u00f3n con el Festival de San Remo en Italia<\/span><\/p> <p class=\"emb\"><iframe loading=\"lazy\" src=\"https:\/\/cadenaser.com\/embed\/audio\/460\/1704894233641\/\" width=\"100%\" height=\"360\" frameborder=\"0\" allowfullscreen><\/iframe><\/p><\/p>   <p><a href=\"https:\/\/cadenaser.com\/tag\/benidorm_fest\/a\/\" target=\"_blank\" rel=\"noopener\">La delegaci\u00f3n que se ha desplazado a Italia est\u00e1 formada por representantes de las tres entidades organizadoras del Fest<\/a>: RTVE, Generalitat Valenciana y Ayuntamiento de Benidorm. <\/p>  <p><p>M\u00e1s informaci\u00f3n<\/p><figure><img decoding=\"async\" src=\"https:\/\/cadenaser.com\/resizer\/I8cJ4eIXzJRjLqQYf3kRl3JMoVU=\/650x366\/filters:quality(70)\/cloudfront-eu-central-1.images.arcpublishing.com\/prisaradio\/OQNP5F4KAVAZJGFWIBAEDKXUQ4.jpg\" loading=\"lazy\" width=\"828\" height=\"621\" \/><\/figure><ul><li><a href=\"https:\/\/cadenaser.com\/nacional\/2024\/02\/05\/eurovision-asegura-que-no-habra-censura-para-nebulossa-y-confirma-que-podra-participar-con-zorra-cadena-ser\/\">Eurovisi\u00f3n asegura que no habr\u00e1 censura para Nebulossa y confirma que podr\u00e1 participar con &#8216;Zorra&#8217;<\/a><\/li><\/ul><\/p>   <p>El <a href=\"https:\/\/cadenaser.com\/audio\/1704894233641\/\" target=\"_blank\" rel=\"noopener\">74\u00ba Festival de la Canci\u00f3n de Sanremo<\/a> se est\u00e1 celebrando desde este mi\u00e9rcoles en el teatro Ariston de la localidad y del certamen saldr\u00e1 el s\u00e1bado, d\u00eda 10, el representante de Italia en Eurovisi\u00f3n.<\/p>   <p>Durante la primera jornada la delegaci\u00f3n tiene previsto visitar el \u2018backstage\u2019 del teatro Ariston y posteriormente vivir en directo la segunda gala, en la que actuar\u00e1n 15 artistas. Adem\u00e1s, mantendr\u00e1n reuniones t\u00e9cnicas con las personas responsables de este evento, con quienes analizar\u00e1n la posibilidad de establecer v\u00edas de colaboraci\u00f3n para futuras ediciones.<\/p>   <p>La din\u00e1mica de Sanremo es muy similar a la del Benidorm Fest, ya que adem\u00e1s de retransmitirse por televisi\u00f3n, el festival italiano se estructura en tres galas y el p\u00fablico interviene en la elecci\u00f3n del ganador a trav\u00e9s del televoto. <\/p>   <p>La cita italiana se puede seguir estos d\u00edas a trav\u00e9s de la plataforma <a href=\"https:\/\/cadenaser.com\/tag\/rtve_radio_televion_espanola\/a\/\" target=\"_blank\" rel=\"noopener\">RTVE Play<\/a>.<\/p> ","protected":false},"excerpt":{"rendered":"<p>Una delegaci\u00f3n de representantes la Generalitat, el Ayuntamiento y RTVE se encuentran en la ciudad italiana estos d\u00edas para mantener distintos encuentros con los responsables del certamen<\/p>\n","protected":false},"author":0,"featured_media":2149,"comment_status":"open","ping_status":"open","sticky":false,"template":"","format":"standard","meta":{"_acf_changed":false,"footnotes":""},"categories":[1],"tags":[],"class_list":["post-2148","post","type-post","status-publish","format-standard","has-post-thumbnail","hentry","category-sin-categoria"],"acf":{"ser_id":"N2GWDQ7XDRF5NAJLB4BZRTBCDU","ser_url":"https:\/\/cadenaser.com\/comunitat-valenciana\/2024\/02\/08\/el-benidorm-fest-desembarca-en-sanremo-para-explorar-una-colaboracion-radio-benidorm\/"},"_links":{"self":[{"href":"https:\/\/serbenidorm.daliisolutions.com\/index.php\/wp-json\/wp\/v2\/posts\/2148","targetHints":{"allow":["GET"]}}],"collection":[{"href":"https:\/\/serbenidorm.daliisolutions.com\/index.php\/wp-json\/wp\/v2\/posts"}],"about":[{"href":"https:\/\/serbenidorm.daliisolutions.com\/index.php\/wp-json\/wp\/v2\/types\/post"}],"replies":[{"embeddable":true,"href":"https:\/\/serbenidorm.daliisolutions.com\/index.php\/wp-json\/wp\/v2\/comments?post=2148"}],"version-history":[{"count":0,"href":"https:\/\/serbenidorm.daliisolutions.com\/index.php\/wp-json\/wp\/v2\/posts\/2148\/revisions"}],"wp:featuredmedia":[{"embeddable":true,"href":"https:\/\/serbenidorm.daliisolutions.com\/index.php\/wp-json\/wp\/v2\/media\/2149"}],"wp:attachment":[{"href":"https:\/\/serbenidorm.daliisolutions.com\/index.php\/wp-json\/wp\/v2\/media?parent=2148"}],"wp:term":[{"taxonomy":"category","embeddable":true,"href":"https:\/\/serbenidorm.daliisolutions.com\/index.php\/wp-json\/wp\/v2\/categories?post=2148"},{"taxonomy":"post_tag","embeddable":true,"href":"https:\/\/serbenidorm.daliisolutions.com\/index.php\/wp-json\/wp\/v2\/tags?post=2148"}],"curies":[{"name":"wp","href":"https:\/\/api.w.org\/{rel}","templated":true}]}}